{"id":945,"date":"2018-05-14T21:01:10","date_gmt":"2018-05-14T20:01:10","guid":{"rendered":"http:\/\/www.bububee.cz\/?p=945"},"modified":"2018-05-14T21:01:10","modified_gmt":"2018-05-14T20:01:10","slug":"oblastni-kolo-souteze-zlata-vcela","status":"publish","type":"post","link":"https:\/\/www.bububee.cz\/index.php\/2018\/05\/14\/oblastni-kolo-souteze-zlata-vcela\/","title":{"rendered":"Oblastn\u00ed kolo sout\u011b\u017ee ZLAT\u00c1 V\u010cELA"},"content":{"rendered":"<h1><strong>\u00dasp\u011bch Novostra\u0161eck\u00fdch v\u010dela\u0159\u016f.<\/strong><\/h1>\n<p>Dne 12. kv\u011btna se konalo v nau\u010dn\u00e9m st\u0159edisku ekologick\u00e9 v\u00fdchovy v&nbsp;Kladn\u011b \u2013 \u010cab\u00e1rna, oblastn\u00ed kolo zn\u00e1me v\u010dela\u0159sk\u00e9 sout\u011b\u017ee pro d\u011bti a ml\u00e1de\u017e \u201eZlat\u00e1 v\u010dela\u201c. Jednalo se o kolo pro St\u0159edo\u010desk\u00fd kraj a m\u011bsto Prahu. Jedn\u00e1 se o nejzn\u00e1m\u011bj\u0161\u00ed sout\u011b\u017e v&nbsp;t\u00e9to kategorii, kter\u00e1 m\u00e1 n\u00e1sledn\u011b celost\u00e1tn\u00ed kolo a mezin\u00e1rodn\u00ed kolo. Letos celost\u00e1tn\u00ed kolo bude v&nbsp;&nbsp;SOU v\u010dela\u0159stv\u00ed v&nbsp;Nasavrk\u00e1ch a mezin\u00e1rodn\u00ed kolo bude ve Francii. Sout\u011b\u017e m\u00e1 dv\u011b v\u011bkov\u00e9 kategorie, a to d\u011bti od 1. a\u017e 5. t\u0159\u00eddy a d\u011bti od 6. do 9. t\u0159\u00eddy.<\/p>\n<p>Za Novostra\u0161eck\u00e9 v\u010dela\u0159e, co\u017e jsou dva krou\u017eky, mlad\u0161\u00ed a star\u0161\u00ed d\u011bti, se sout\u011b\u017ee z\u00fa\u010dastnila dv\u011b dru\u017estva v&nbsp;obou kategori\u00edch. Ne\u010dekali jsme \u017e\u00e1dn\u00e9 v\u00fdznamn\u00e9 \u00fasp\u011bchy, proto\u017ee oba krou\u017eky existuj\u00ed teprve jeden a p\u016fl roku. Ale \u010dekalo n\u00e1s velk\u00e9 p\u0159ekvapen\u00ed. Ze star\u0161\u00edch d\u011bt\u00ed se dv\u011b d\u011bti um\u00edstily do 14. bodovan\u00e9ho m\u00edsta z cca 60 \u00fa\u010dastn\u00edk\u016f. Jsou to: na sedm\u00e9m m\u00edst\u011b Kl\u00e1rka Ba\u010dkovsk\u00e1 a na osm\u00e9m m\u00edst\u011b Maty\u00e1\u0161 Franc. Je\u0161t\u011b v\u011bt\u0161\u00ed p\u0159ekvapen\u00ed n\u00e1s \u010dekalo v&nbsp;mlad\u0161\u00ed kategorii, kde bylo op\u011bt cca 60 \u00fa\u010dastn\u00edk\u016f a kde se op\u011bt dv\u011b na\u0161e d\u011bti um\u00edstily do 14. bodovan\u00e9ho m\u00edsta, a to Barbora Ka\u0161parov\u00e1 byla \u010dtvrt\u00e1 a Mat\u011bj Lindovsk\u00fd byl sedm\u00fd. Proto\u017ee prvn\u00ed \u010dty\u0159i z&nbsp;ka\u017ed\u00e9 kategorie se z\u00fa\u010dastn\u00ed celostn\u00edho kola sout\u011b\u017ee Zlat\u00e1 v\u010dela, na\u0161e v\u010dela\u0159ka Barbora Ka\u0161parov\u00e1 pojede dne 18. a\u017e 20.5.2018 na celostn\u00ed kolo t\u00e9to sout\u011b\u017ee do Nasavrk. B\u00e1\u0159e moc blahop\u0159ejeme. Ale i ostatn\u00ed na\u0161i \u00fa\u010dastn\u00edci nez\u016fstali daleko v&nbsp;poli pora\u017een\u00fdch a figurovali zhruba v&nbsp;polovin\u011b sout\u011b\u017en\u00edho pole. I jim pat\u0159\u00ed blahop\u0159\u00e1n\u00ed za \u00fa\u010dast a za v\u00fdsledek.<\/p>\n<p>Uk\u00e1zalo se, \u017ee v\u010dela\u0159sk\u00fd krou\u017eek m\u011bl smysl a zaujal d\u011bti tak, \u017ee z\u00edskaly mnoho v\u011bdomost\u00ed o p\u0159\u00edrod\u011b a hlavn\u011b o v\u010del\u00e1ch. Oba krou\u017eky budou ve \u0161koln\u00edm roce 2018\/2019 pokra\u010dovat.&nbsp; V&nbsp;sou\u010dasn\u00e9 dob\u011b prob\u00edh\u00e1 n\u00e1borov\u00e1 akce v&nbsp;z\u00e1kladn\u00ed \u0161kole na Komensk\u00e9ho n\u00e1m\u011bst\u00ed v&nbsp;Nov\u00e9m Stra\u0161ec\u00ed.<\/p>\n<p>ZPRACOVAL:&nbsp; Ing. Ji\u0159\u00ed Hubka \u2013 p\u0159edseda ZO \u010cSV v&nbsp;Nov\u00e9m Stra\u0161ec\u00ed<\/p>\n<p style=\"text-align: right;\">(jh)<\/p>\n","protected":false},"excerpt":{"rendered":"<p>\u00dasp\u011bch Novostra\u0161eck\u00fdch v\u010dela\u0159\u016f. Dne 12. kv\u011btna se konalo v nau\u010dn\u00e9m st\u0159edisku ekologick\u00e9 v\u00fdchovy v&nbsp;Kladn\u011b \u2013 \u010cab\u00e1rna, oblastn\u00ed kolo zn\u00e1me v\u010dela\u0159sk\u00e9 sout\u011b\u017ee pro d\u011bti a ml\u00e1de\u017e \u201eZlat\u00e1 v\u010dela\u201c. Jednalo se o kolo pro St\u0159edo\u010desk\u00fd kraj a m\u011bsto Prahu. Jedn\u00e1 se o nejzn\u00e1m\u011bj\u0161\u00ed sout\u011b\u017e v&nbsp;t\u00e9to kategorii, kter\u00e1 m\u00e1 n\u00e1sledn\u011b celost\u00e1tn\u00ed kolo a mezin\u00e1rodn\u00ed kolo. Letos celost\u00e1tn\u00ed kolo [&hellip;]<\/p>\n","protected":false},"author":1,"featured_media":0,"comment_status":"open","ping_status":"open","sticky":false,"template":"","format":"standard","meta":{"ngg_post_thumbnail":0,"footnotes":""},"categories":[3],"tags":[],"_links":{"self":[{"href":"https:\/\/www.bububee.cz\/index.php\/wp-json\/wp\/v2\/posts\/945"}],"collection":[{"href":"https:\/\/www.bububee.cz\/index.php\/wp-json\/wp\/v2\/posts"}],"about":[{"href":"https:\/\/www.bububee.cz\/index.php\/wp-json\/wp\/v2\/types\/post"}],"author":[{"embeddable":true,"href":"https:\/\/www.bububee.cz\/index.php\/wp-json\/wp\/v2\/users\/1"}],"replies":[{"embeddable":true,"href":"https:\/\/www.bububee.cz\/index.php\/wp-json\/wp\/v2\/comments?post=945"}],"version-history":[{"count":1,"href":"https:\/\/www.bububee.cz\/index.php\/wp-json\/wp\/v2\/posts\/945\/revisions"}],"predecessor-version":[{"id":946,"href":"https:\/\/www.bububee.cz\/index.php\/wp-json\/wp\/v2\/posts\/945\/revisions\/946"}],"wp:attachment":[{"href":"https:\/\/www.bububee.cz\/index.php\/wp-json\/wp\/v2\/media?parent=945"}],"wp:term":[{"taxonomy":"category","embeddable":true,"href":"https:\/\/www.bububee.cz\/index.php\/wp-json\/wp\/v2\/categories?post=945"},{"taxonomy":"post_tag","embeddable":true,"href":"https:\/\/www.bububee.cz\/index.php\/wp-json\/wp\/v2\/tags?post=945"}],"curies":[{"name":"wp","href":"https:\/\/api.w.org\/{rel}","templated":true}]}}