{"id":922,"date":"2018-04-25T07:29:17","date_gmt":"2018-04-25T06:29:17","guid":{"rendered":"http:\/\/www.bububee.cz\/?p=922"},"modified":"2018-04-25T07:44:04","modified_gmt":"2018-04-25T06:44:04","slug":"narizeni-statni-veterinarni-spravy","status":"publish","type":"post","link":"https:\/\/www.bububee.cz\/index.php\/2018\/04\/25\/narizeni-statni-veterinarni-spravy\/","title":{"rendered":"NA\u0158\u00cdZEN\u00cd ST\u00c1TN\u00cd VETERIN\u00c1RN\u00cd SPR\u00c1VY"},"content":{"rendered":"<h1>NA\u0158\u00cdZEN\u00cd ST\u00c1TN\u00cd VETERIN\u00c1RN\u00cd SPR\u00c1VY<\/h1>\n<p>Krajsk\u00e1 veterin\u00e1rn\u00ed spr\u00e1va St\u00e1tn\u00ed veterin\u00e1rn\u00ed spr\u00e1vy pro St\u0159edo\u010desk\u00fd kraj (d\u00e1le t\u00e9\u017e \u201eKVS SVS pro St\u0159edo\u010desk\u00fd kraj\u201c) jako m\u00edstn\u011b a v\u011bcn\u011b p\u0159\u00edslu\u0161n\u00fd spr\u00e1vn\u00ed org\u00e1n podle ustanoven\u00ed \u00a7 49 odst. 1 p\u00edsm. c) z\u00e1k. \u010d. 166\/1999 Sb., o veterin\u00e1rn\u00ed p\u00e9\u010di a o zm\u011bn\u011b n\u011bkter\u00fdch souvisej\u00edc\u00edch z\u00e1kon\u016f (veterin\u00e1rn\u00ed z\u00e1kon), ve zn\u011bn\u00ed pozd\u011bj\u0161\u00edch p\u0159edpis\u016f, v souladu s ustanoven\u00edm \u00a7 15 odst. (1), \u00a7 17 odst. (4) a \u00a7 54 odst. (1) p\u00edsm. a), b), d), e), l) a r) a \u00a7 54 odst. 2 p\u00edsm. a) veterin\u00e1rn\u00edho z\u00e1kona a vyhl\u00e1\u0161ky \u010d. 18\/2018 Sb., v platn\u00e9m zn\u011bn\u00ed, na\u0159izuje tato<br \/>\nmimo\u0159\u00e1dn\u00e1 veterin\u00e1rn\u00ed opat\u0159en\u00ed:<br \/>\nk zamezen\u00ed \u0161\u00ed\u0159en\u00ed nebezpe\u010dn\u00e9 n\u00e1kazy \u2013 moru v\u010del\u00edho plodu ve St\u0159edo\u010desk\u00e9m kraji:<\/p>\n<h2>\u010cl. 1 Vymezen\u00ed ohniska<\/h2>\n<p>Ohniskem nebezpe\u010dn\u00e9 n\u00e1kazy moru v\u010del\u00edho plodu bylo rozhodnut\u00edm KVS SVS pro St\u0159edo\u010desk\u00fd kraj o mimo\u0159\u00e1dn\u00fdch veterin\u00e1rn\u00edch opat\u0159en\u00edch \u010d.j. SVS\/2018\/050907-S a SVS\/2018\/050271-S vymezena stanovi\u0161t\u011b chovu v\u010del v obci Ruda u Nov\u00e9ho Stra\u0161ec\u00ed (\u010d. K\u00da 743178), a to s \u00fa\u010dinnost\u00ed od 24. 4.&nbsp; 2018.<\/p>\n<h2>\u010cl. 2 Vymezen\u00ed ochrann\u00e9ho p\u00e1sma<\/h2>\n<p>Ochrann\u00fdm p\u00e1smem vymezen\u00fdm kolem ohniska n\u00e1kazy, s p\u0159ihl\u00e9dnut\u00edm k epizootologick\u00fdm, zem\u011bpisn\u00fdm, biologick\u00fdm a ekologick\u00fdm podm\u00ednk\u00e1m, se stanovuj\u00ed tato katastr\u00e1ln\u00ed \u00fazem\u00ed<\/p>\n<p>v okrese Rakovn\u00edk:<\/p>\n<p><span style=\"text-decoration: underline;\"><strong><span style=\"color: #800000; text-decoration: underline;\">\u010c\u00edslo K\u00da =&gt; N\u00e1zev K\u00da <\/span><\/strong><\/span><\/p>\n<ul>\n<li><strong><span style=\"color: #800000;\">689378 =&gt; Lu\u017en\u00e1 u Rakovn\u00edka<\/span><\/strong><\/li>\n<li><strong><span style=\"color: #800000;\">736961 =&gt; Pustov\u011bty <\/span><\/strong><\/li>\n<li><strong><span style=\"color: #800000;\">693316 =&gt; M\u011bste\u010dko u K\u0159ivokl\u00e1tu <\/span><\/strong><\/li>\n<li><strong><span style=\"color: #800000;\">743178 =&gt; Ruda u Nov\u00e9ho Stra\u0161ec\u00ed <\/span><\/strong><\/li>\n<li><strong><span style=\"color: #800000;\">707279 =&gt; Nov\u00fd D\u016fm&nbsp;<\/span><\/strong><\/li>\n<\/ul>\n<p>v okrese Kladno:<\/p>\n<p><span style=\"text-decoration: underline;\"><strong><span style=\"color: #800000; text-decoration: underline;\">\u010c\u00edslo K\u00da =&gt; N\u00e1zev K\u00da<\/span><\/strong><\/span><\/p>\n<ul>\n<li><strong><span style=\"color: #800000;\">679046 =&gt; L\u00e1ny<\/span><\/strong><\/li>\n<\/ul>\n<p>Cel\u00fd dokument si m\u016f\u017eete p\u0159e\u010d\u00edst zde: <a href=\"http:\/\/www.bububee.cz\/wp-content\/uploads\/2018\/04\/Narizeni_KVSS_mor_vceliho_plodu_okr._Rakovnik_a_Kladno_SVS_2018_051053-S.pdf\">Narizeni_KVSS_mor_vceliho_plodu_okr._Rakovnik_a_Kladno_SVS_2018_051053-S<\/a><\/p>\n<p style=\"text-align: right;\">(dm)<\/p>\n","protected":false},"excerpt":{"rendered":"<p>NA\u0158\u00cdZEN\u00cd ST\u00c1TN\u00cd VETERIN\u00c1RN\u00cd SPR\u00c1VY Krajsk\u00e1 veterin\u00e1rn\u00ed spr\u00e1va St\u00e1tn\u00ed veterin\u00e1rn\u00ed spr\u00e1vy pro St\u0159edo\u010desk\u00fd kraj (d\u00e1le t\u00e9\u017e \u201eKVS SVS pro St\u0159edo\u010desk\u00fd kraj\u201c) jako m\u00edstn\u011b a v\u011bcn\u011b p\u0159\u00edslu\u0161n\u00fd spr\u00e1vn\u00ed org\u00e1n podle ustanoven\u00ed \u00a7 49 odst. 1 p\u00edsm. c) z\u00e1k. \u010d. 166\/1999 Sb., o veterin\u00e1rn\u00ed p\u00e9\u010di a o zm\u011bn\u011b n\u011bkter\u00fdch souvisej\u00edc\u00edch z\u00e1kon\u016f (veterin\u00e1rn\u00ed z\u00e1kon), ve zn\u011bn\u00ed pozd\u011bj\u0161\u00edch p\u0159edpis\u016f, v [&hellip;]<\/p>\n","protected":false},"author":1,"featured_media":0,"comment_status":"open","ping_status":"open","sticky":false,"template":"","format":"standard","meta":{"ngg_post_thumbnail":0,"footnotes":""},"categories":[6],"tags":[],"_links":{"self":[{"href":"https:\/\/www.bububee.cz\/index.php\/wp-json\/wp\/v2\/posts\/922"}],"collection":[{"href":"https:\/\/www.bububee.cz\/index.php\/wp-json\/wp\/v2\/posts"}],"about":[{"href":"https:\/\/www.bububee.cz\/index.php\/wp-json\/wp\/v2\/types\/post"}],"author":[{"embeddable":true,"href":"https:\/\/www.bububee.cz\/index.php\/wp-json\/wp\/v2\/users\/1"}],"replies":[{"embeddable":true,"href":"https:\/\/www.bububee.cz\/index.php\/wp-json\/wp\/v2\/comments?post=922"}],"version-history":[{"count":1,"href":"https:\/\/www.bububee.cz\/index.php\/wp-json\/wp\/v2\/posts\/922\/revisions"}],"predecessor-version":[{"id":924,"href":"https:\/\/www.bububee.cz\/index.php\/wp-json\/wp\/v2\/posts\/922\/revisions\/924"}],"wp:attachment":[{"href":"https:\/\/www.bububee.cz\/index.php\/wp-json\/wp\/v2\/media?parent=922"}],"wp:term":[{"taxonomy":"category","embeddable":true,"href":"https:\/\/www.bububee.cz\/index.php\/wp-json\/wp\/v2\/categories?post=922"},{"taxonomy":"post_tag","embeddable":true,"href":"https:\/\/www.bububee.cz\/index.php\/wp-json\/wp\/v2\/tags?post=922"}],"curies":[{"name":"wp","href":"https:\/\/api.w.org\/{rel}","templated":true}]}}