{"id":878,"date":"2018-03-07T06:18:31","date_gmt":"2018-03-07T05:18:31","guid":{"rendered":"http:\/\/www.bububee.cz\/?p=878"},"modified":"2018-03-07T06:19:19","modified_gmt":"2018-03-07T05:19:19","slug":"zajezd-se-vcelarskou-tematikou","status":"publish","type":"post","link":"https:\/\/www.bububee.cz\/index.php\/2018\/03\/07\/zajezd-se-vcelarskou-tematikou\/","title":{"rendered":"Z\u00e1jezd se v\u010dela\u0159skou t\u00e9matikou"},"content":{"rendered":"<p>Na v\u00fdro\u010dn\u00ed sch\u016fzi na\u0161eho spolku dne 10. 2. 2018, krom\u011b jin\u00e9ho, jsme se p\u0159ihla\u0161ovali na zaj\u00edmav\u00fd z\u00e1jezd se v\u010dela\u0159skou tematikou.<br \/>\nProto\u017ee na t\u00e9to v\u00fdro\u010dn\u00ed sch\u016fzi nebyli v\u0161ichni v\u010dela\u0159i, znovu se touto cestou m\u016f\u017eete na tento z\u00e1jezd p\u0159ihl\u00e1sit.<\/p>\n<p>Popis z\u00e1jezdu:<\/p>\n<ul>\n<li>Z\u00e1jezd se uskute\u010dn\u00ed v&nbsp;sobotu dne 9. 6. 2018, odjezd autobusu z&nbsp;Nov\u00e9ho Stra\u0161ec\u00ed, Komensk\u00e9ho n\u00e1m\u011bst\u00ed je v&nbsp;8 hodin.<\/li>\n<li>Nav\u0161t\u00edv\u00edme chovatelskou a \u0161lechtitelskou stanici p\u0159. Sedl\u00e1\u010dka v&nbsp;P\u0159e\u0161tic\u00edch, pobl\u00ed\u017e P\u0159\u00edchovic (z Plzn\u011b sm\u011br Klatovy). P\u0159. Sedl\u00e1\u010dek je u\u010ditel v\u010dela\u0159stv\u00ed. V\u00edce na <a href=\"http:\/\/www.vcelarstvisedlacek.eu\">www.vcelarstvisedlacek.eu<\/a>.<\/li>\n<li>Cel\u00fd program se uskute\u010dn\u00ed na v\u010delnici p\u0159. Sedl\u00e1\u010dka s&nbsp;v\u00fdkladem a praktick\u00fdmi uk\u00e1zkami pr\u00e1ce se v\u010delami.<\/li>\n<li>Jsou zat\u00edm dohodnuta tato t\u00e9mata k diskuzi: pr\u00e1ce se v\u010delami po cel\u00fd rok, nemoci v\u010del a jejich l\u00e9\u010den\u00ed, racionalizace v\u010dela\u0159en\u00ed. Program si ale m\u016f\u017eeme dotazy roz\u0161\u00ed\u0159it nebo z\u00fa\u017eit. Sna\u017eili jsme se s&nbsp;p\u0159. Sedl\u00e1\u010dkem dohodnout t\u00e9mata, kter\u00e1 budou zaj\u00edmat za\u010d\u00ednaj\u00edc\u00ed v\u010dela\u0159e, ale i pokro\u010dil\u00e9 v\u010dela\u0159e.<\/li>\n<li>Doba n\u00e1v\u0161t\u011bvy na v\u010delnici z\u00e1le\u017e\u00ed na n\u00e1s, ale p\u0159edpokl\u00e1d\u00e1me cca 3 a\u017e 4 hodiny.<\/li>\n<li>P\u0159\u00edmo na m\u00edst\u011b se lze ob\u010derstvit a nakoupit ve v\u010dela\u0159sk\u00e9 prodejn\u011b.<\/li>\n<li>P\u0159i dohod\u011b v\u0161ech \u00fa\u010dastn\u00edk\u016f z\u00e1jezdu se lze p\u0159i cest\u011b zp\u011bt zastavit na ob\u011bd.<\/li>\n<\/ul>\n<p>Zat\u00edm se na zm\u00edn\u011bn\u00e9 v\u00fdro\u010dn\u00ed sch\u016fzi p\u0159ihl\u00e1silo na z\u00e1jezd 14 v\u010dela\u0159\u016f a m\u00edsta jsou je\u0161t\u011b voln\u00e1 (m\u016f\u017eeme objednat mikrobus nebo velk\u00fd autobus). Po\u010d\u00edt\u00e1me s&nbsp;t\u00edm, \u017ee ka\u017ed\u00fd \u00fa\u010dastn\u00edk p\u0159isp\u011bje \u010d\u00e1stkou cca 300,- K\u010d na dopravu, v\u0161e ostatn\u00ed je zdarma.<\/p>\n<p>Dal\u0161\u00ed z\u00e1jemci (krom\u011b ji\u017e p\u0159ihl\u00e1\u0161en\u00fdch) p\u0159ihlaste se pros\u00edm na telefonu 777&nbsp;576&nbsp;002 nebo na e-mail: <a href=\"mailto:jirihubka@post.cz\">jirihubka@post.cz<\/a>.<\/p>\n<p><strong>P\u0159ihl\u00e1\u0161en\u00ed pros\u00edm ud\u011blejte do 23. 3. 2018<\/strong> abychom event. mohli doplnit autobus lidmi z&nbsp;jin\u00fdch sousedn\u00edch spolk\u016f.<\/p>\n<p>V\u00edt\u00e1ni jsou i ne\u010dlenov\u00e9 na\u0161eho spolku, rodinn\u00ed p\u0159\u00edslu\u0161n\u00edci a v\u0161ichni, kter\u00e9 zaj\u00edmaj\u00ed v\u010dely a p\u0159\u00edroda.<\/p>\n<p style=\"text-align: right;\">(jh)<\/p>\n","protected":false},"excerpt":{"rendered":"<p>Na v\u00fdro\u010dn\u00ed sch\u016fzi na\u0161eho spolku dne 10. 2. 2018, krom\u011b jin\u00e9ho, jsme se p\u0159ihla\u0161ovali na zaj\u00edmav\u00fd z\u00e1jezd se v\u010dela\u0159skou tematikou. Proto\u017ee na t\u00e9to v\u00fdro\u010dn\u00ed sch\u016fzi nebyli v\u0161ichni v\u010dela\u0159i, znovu se touto cestou m\u016f\u017eete na tento z\u00e1jezd p\u0159ihl\u00e1sit. Popis z\u00e1jezdu: Z\u00e1jezd se uskute\u010dn\u00ed v&nbsp;sobotu dne 9. 6. 2018, odjezd autobusu z&nbsp;Nov\u00e9ho Stra\u0161ec\u00ed, Komensk\u00e9ho n\u00e1m\u011bst\u00ed je v&nbsp;8 [&hellip;]<\/p>\n","protected":false},"author":1,"featured_media":0,"comment_status":"open","ping_status":"open","sticky":false,"template":"","format":"standard","meta":{"ngg_post_thumbnail":0,"footnotes":""},"categories":[8],"tags":[],"_links":{"self":[{"href":"https:\/\/www.bububee.cz\/index.php\/wp-json\/wp\/v2\/posts\/878"}],"collection":[{"href":"https:\/\/www.bububee.cz\/index.php\/wp-json\/wp\/v2\/posts"}],"about":[{"href":"https:\/\/www.bububee.cz\/index.php\/wp-json\/wp\/v2\/types\/post"}],"author":[{"embeddable":true,"href":"https:\/\/www.bububee.cz\/index.php\/wp-json\/wp\/v2\/users\/1"}],"replies":[{"embeddable":true,"href":"https:\/\/www.bububee.cz\/index.php\/wp-json\/wp\/v2\/comments?post=878"}],"version-history":[{"count":2,"href":"https:\/\/www.bububee.cz\/index.php\/wp-json\/wp\/v2\/posts\/878\/revisions"}],"predecessor-version":[{"id":880,"href":"https:\/\/www.bububee.cz\/index.php\/wp-json\/wp\/v2\/posts\/878\/revisions\/880"}],"wp:attachment":[{"href":"https:\/\/www.bububee.cz\/index.php\/wp-json\/wp\/v2\/media?parent=878"}],"wp:term":[{"taxonomy":"category","embeddable":true,"href":"https:\/\/www.bububee.cz\/index.php\/wp-json\/wp\/v2\/categories?post=878"},{"taxonomy":"post_tag","embeddable":true,"href":"https:\/\/www.bububee.cz\/index.php\/wp-json\/wp\/v2\/tags?post=878"}],"curies":[{"name":"wp","href":"https:\/\/api.w.org\/{rel}","templated":true}]}}