{"id":714,"date":"2018-01-08T00:28:19","date_gmt":"2018-01-07T23:28:19","guid":{"rendered":"http:\/\/www.bububee.cz\/?p=714"},"modified":"2018-01-08T00:28:19","modified_gmt":"2018-01-07T23:28:19","slug":"pozvanka-na-vyrocni-clenskou-schuzi","status":"publish","type":"post","link":"https:\/\/www.bububee.cz\/index.php\/2018\/01\/08\/pozvanka-na-vyrocni-clenskou-schuzi\/","title":{"rendered":"Pozv\u00e1nka na v\u00fdro\u010dn\u00ed \u010dlenskou sch\u016fzi"},"content":{"rendered":"<h3 style=\"text-align: left;\"><strong>Program&nbsp;<\/strong><strong>v\u00fdro\u010dn\u00ed \u010dlensk\u00e9 sch\u016fze <\/strong><\/h3>\n<h3 style=\"text-align: left;\"><strong>ZO \u010cSV z.s. v&nbsp;Nov\u00e9m Stra\u0161ec\u00ed, konan\u00e9 dne <\/strong><\/h3>\n<h3 style=\"text-align: left;\">10. 2. 2018 v&nbsp;9.00 hodin<\/h3>\n<h3 style=\"text-align: left;\"><a href=\"https:\/\/www.google.cz\/maps\/place\/Restaurace+Sport\/@50.152845,13.8997629,17z\/data=!4m5!3m4!1s0x470a4acbce7ac3ff:0xd799a95c5f96a7!8m2!3d50.1528416!4d13.9019516?hl=cs\"><strong>v&nbsp;restauraci \u201eSport\u201c v Nov\u00e9m Stra\u0161ec\u00ed.<\/strong><\/a><\/h3>\n<h3 style=\"text-align: center;\"><strong>&nbsp;<\/strong><\/h3>\n<p>Program:<\/p>\n<ol>\n<li>Zah\u00e1jen\u00ed v\u00fdro\u010dn\u00ed \u010dlensk\u00e9 sch\u016fze (d\u00e1le jen V\u010cS) \u2013 zah\u00e1jen\u00ed sch\u016fze a p\u0159iv\u00edt\u00e1n\u00ed host\u016f \u2013 p\u0159edseda spolku p\u0159. Ji\u0159\u00ed Hubka<\/li>\n<li>Usn\u00e1\u0161en\u00edschopnost sch\u016fze a schv\u00e1len\u00ed programu V\u010cS \u2013 m\u00edstop\u0159edseda spolku p\u0159. Ji\u0159\u00ed Petr\u00e1\u010dek<\/li>\n<li>Volba n\u00e1vrhov\u00e9 komise \u2013 m\u00edstop\u0159edseda spolku p\u0159. Ji\u0159\u00ed Petr\u00e1\u010dek<\/li>\n<li>Zpr\u00e1va p\u0159edsedy spolku o \u010dinnosti spolku za rok 2017 a kontrola usnesen\u00ed z&nbsp;minul\u00e9 V\u010cS (2016), vyhodnocen\u00ed rozpo\u010dtu roku 2017 a n\u00e1vrh rozpo\u010dtu na rok 2018 \u2013 p\u0159edseda spolku p\u0159. Ji\u0159\u00ed Hubka<\/li>\n<li>Zpr\u00e1va o stavu \u010dlensk\u00e9 z\u00e1kladny spolku \u2013 jednatel spolku p\u0159. Du\u0161an Muller<\/li>\n<li>Zpr\u00e1va o zdravotn\u00edm stavu v\u010delstev v&nbsp;regionu Novostra\u0161ecka, organizace a v\u00fdsledky l\u00e9\u010den\u00ed v\u010delstev v&nbsp;roce 2017 a 2018 \u2013 zdravotn\u00edk spolku p\u0159. Jaroslav Pol\u00e1k<\/li>\n<li>Zpr\u00e1va hospod\u00e1\u0159e o stavu majetku spolku a jeho inventarizaci \u2013 hospod\u00e1\u0159 spolku p\u0159. Pavel Andr\u00e1\u0161ek<\/li>\n<li>Zpr\u00e1va kontroln\u00ed a revizn\u00ed komise za rok 2017 \u2013 p\u0159edseda kontroln\u00ed a revizn\u00ed komise p\u0159. Milan Mansfeld<\/li>\n<li>Dopl\u0148ovac\u00ed volby do v\u00fdboru ZO \u010cSV \u2013 m\u00edstop\u0159edseda spolku p\u0159. Ji\u0159\u00ed Petr\u00e1\u010dek<\/li>\n<li>Diskuze<\/li>\n<li>Usnesen\u00ed z&nbsp;V\u010cS \u2013 p\u0159edseda n\u00e1vrhov\u00e9 komise a m\u00edstop\u0159edseda spolku p\u0159. Ji\u0159\u00ed Petr\u00e1\u010dek<\/li>\n<li>Z\u00e1v\u011br V\u010cS \u2013 p\u0159edseda spolku p\u0159. Ji\u0159\u00ed Hubka<\/li>\n<\/ol>\n<p>Po ukon\u010den\u00ed sch\u016fze bude pod\u00e1v\u00e1n ob\u011bd a ob\u010derstven\u00ed.<\/p>\n<p>Sch\u016fzi \u0159\u00edd\u00ed m\u00edstop\u0159edseda spolku p\u0159. Ji\u0159\u00ed Petr\u00e1\u010dek.<\/p>\n<p>B\u011bhem sch\u016fze je mo\u017en\u00e9 objednat Formidol desky, mate\u010dn\u00edky (otev\u0159en\u00e9 a zav\u0159en\u00e9), odd\u011blky, p\u0159ihl\u00e1sit se k&nbsp;tematick\u00e9mu z\u00e1jezdu a k&nbsp;dal\u0161\u00edm aktivit\u00e1m v&nbsp;roce 2018.<\/p>\n<p>P\u0159edpokl\u00e1dan\u00fd konec sch\u016fze do 12.00 hodiny.<\/p>\n<p><strong>V\u00fdbor ZO \u010cSV z.s. Nov\u00e9 Stra\u0161ec\u00ed<\/strong><\/p>\n<p>(jh)<\/p>\n","protected":false},"excerpt":{"rendered":"<p>Program&nbsp;v\u00fdro\u010dn\u00ed \u010dlensk\u00e9 sch\u016fze ZO \u010cSV z.s. v&nbsp;Nov\u00e9m Stra\u0161ec\u00ed, konan\u00e9 dne 10. 2. 2018 v&nbsp;9.00 hodin v&nbsp;restauraci \u201eSport\u201c v Nov\u00e9m Stra\u0161ec\u00ed. &nbsp; Program: Zah\u00e1jen\u00ed v\u00fdro\u010dn\u00ed \u010dlensk\u00e9 sch\u016fze (d\u00e1le jen V\u010cS) \u2013 zah\u00e1jen\u00ed sch\u016fze a p\u0159iv\u00edt\u00e1n\u00ed host\u016f \u2013 p\u0159edseda spolku p\u0159. Ji\u0159\u00ed Hubka Usn\u00e1\u0161en\u00edschopnost sch\u016fze a schv\u00e1len\u00ed programu V\u010cS \u2013 m\u00edstop\u0159edseda spolku p\u0159. Ji\u0159\u00ed Petr\u00e1\u010dek Volba n\u00e1vrhov\u00e9 [&hellip;]<\/p>\n","protected":false},"author":1,"featured_media":0,"comment_status":"open","ping_status":"open","sticky":false,"template":"","format":"standard","meta":{"ngg_post_thumbnail":0,"footnotes":""},"categories":[4],"tags":[],"_links":{"self":[{"href":"https:\/\/www.bububee.cz\/index.php\/wp-json\/wp\/v2\/posts\/714"}],"collection":[{"href":"https:\/\/www.bububee.cz\/index.php\/wp-json\/wp\/v2\/posts"}],"about":[{"href":"https:\/\/www.bububee.cz\/index.php\/wp-json\/wp\/v2\/types\/post"}],"author":[{"embeddable":true,"href":"https:\/\/www.bububee.cz\/index.php\/wp-json\/wp\/v2\/users\/1"}],"replies":[{"embeddable":true,"href":"https:\/\/www.bububee.cz\/index.php\/wp-json\/wp\/v2\/comments?post=714"}],"version-history":[{"count":5,"href":"https:\/\/www.bububee.cz\/index.php\/wp-json\/wp\/v2\/posts\/714\/revisions"}],"predecessor-version":[{"id":719,"href":"https:\/\/www.bububee.cz\/index.php\/wp-json\/wp\/v2\/posts\/714\/revisions\/719"}],"wp:attachment":[{"href":"https:\/\/www.bububee.cz\/index.php\/wp-json\/wp\/v2\/media?parent=714"}],"wp:term":[{"taxonomy":"category","embeddable":true,"href":"https:\/\/www.bububee.cz\/index.php\/wp-json\/wp\/v2\/categories?post=714"},{"taxonomy":"post_tag","embeddable":true,"href":"https:\/\/www.bububee.cz\/index.php\/wp-json\/wp\/v2\/tags?post=714"}],"curies":[{"name":"wp","href":"https:\/\/api.w.org\/{rel}","templated":true}]}}