{"id":665,"date":"2017-11-30T23:46:41","date_gmt":"2017-11-30T22:46:41","guid":{"rendered":"http:\/\/www.bububee.cz\/?p=665"},"modified":"2017-11-30T23:48:47","modified_gmt":"2017-11-30T22:48:47","slug":"besedy-pro-zacinajici-vcelare-2","status":"publish","type":"post","link":"https:\/\/www.bububee.cz\/index.php\/2017\/11\/30\/besedy-pro-zacinajici-vcelare-2\/","title":{"rendered":"Besedy pro za\u010d\u00ednaj\u00edc\u00ed v\u010dela\u0159e"},"content":{"rendered":"<p>V p\u0159\u00edjemn\u011b vytopen\u00e9 klubovn\u011b krou\u017eku mlad\u00fdch v\u010dela\u0159\u016f jsme se dnes se\u0161li v hojn\u00e9m po\u010dtu k prvn\u00ed ze s\u00e9rie besed pro za\u010d\u00ednaj\u00edc\u00ed v\u010dela\u0159e.<br \/>\nHlavn\u00edho slova se ujmul&nbsp;Mgr. Bc.&nbsp;Miroslav Hall\u00f3.&nbsp;Jeho skv\u011ble p\u0159ipraven\u00fd program n\u011bkter\u00e9 z n\u00e1s pou\u010dil, ostatn\u00ed ujistil, \u017ee jejich kon\u00e1n\u00ed je spr\u00e1vn\u00e9.<br \/>\nJe skv\u011bl\u00e9 se sej\u00edt s n\u011bk\u00fdm, kdo perfektn\u011b rozum\u00ed tomu, co p\u0159edn\u00e1\u0161\u00ed a m\u00e1 letit\u00e9 zku\u0161enosti.<br \/>\nBeseda kon\u010dila a\u017e po dev\u00e1t\u00e9 hodin\u011b. Rozch\u00e1zeli jsme se plni nad\u0161en\u00ed a nat\u011b\u0161eni na p\u0159\u00ed\u0161t\u00ed setk\u00e1n\u00ed.&nbsp;<\/p>\n<p><strong>N\u00e1sleduj\u00edc\u00ed beseda se bude konat ve st\u0159edu 20. 11 .2017 op\u011bt v 18:30 v klubovn\u011b Fortna \u010d. 107.<\/strong><\/p>\n<p>Pod\u011bkov\u00e1n\u00ed pat\u0159\u00ed jak Miroslavu Hall\u00f3 za \u0161kolen\u00ed, tak p\u0159\u00edteli Hubkovi a Marin\u011b Fedikov\u00e9 za p\u0159\u00edpravu klubovny a ob\u010derstven\u00ed a tak\u00e9 man\u017eelce p\u0159\u00edtele Kubi\u010dky za skv\u011bl\u00fd makovec.<\/p>\n<p style=\"text-align: right;\">(dm)<\/p>\n","protected":false},"excerpt":{"rendered":"<p>V p\u0159\u00edjemn\u011b vytopen\u00e9 klubovn\u011b krou\u017eku mlad\u00fdch v\u010dela\u0159\u016f jsme se dnes se\u0161li v hojn\u00e9m po\u010dtu k prvn\u00ed ze s\u00e9rie besed pro za\u010d\u00ednaj\u00edc\u00ed v\u010dela\u0159e. Hlavn\u00edho slova se ujmul&nbsp;Mgr. Bc.&nbsp;Miroslav Hall\u00f3.&nbsp;Jeho skv\u011ble p\u0159ipraven\u00fd program n\u011bkter\u00e9 z n\u00e1s pou\u010dil, ostatn\u00ed ujistil, \u017ee jejich kon\u00e1n\u00ed je spr\u00e1vn\u00e9. Je skv\u011bl\u00e9 se sej\u00edt s n\u011bk\u00fdm, kdo perfektn\u011b rozum\u00ed tomu, co p\u0159edn\u00e1\u0161\u00ed a [&hellip;]<\/p>\n","protected":false},"author":1,"featured_media":0,"comment_status":"open","ping_status":"open","sticky":false,"template":"","format":"standard","meta":{"ngg_post_thumbnail":0,"footnotes":""},"categories":[8],"tags":[],"_links":{"self":[{"href":"https:\/\/www.bububee.cz\/index.php\/wp-json\/wp\/v2\/posts\/665"}],"collection":[{"href":"https:\/\/www.bububee.cz\/index.php\/wp-json\/wp\/v2\/posts"}],"about":[{"href":"https:\/\/www.bububee.cz\/index.php\/wp-json\/wp\/v2\/types\/post"}],"author":[{"embeddable":true,"href":"https:\/\/www.bububee.cz\/index.php\/wp-json\/wp\/v2\/users\/1"}],"replies":[{"embeddable":true,"href":"https:\/\/www.bububee.cz\/index.php\/wp-json\/wp\/v2\/comments?post=665"}],"version-history":[{"count":4,"href":"https:\/\/www.bububee.cz\/index.php\/wp-json\/wp\/v2\/posts\/665\/revisions"}],"predecessor-version":[{"id":669,"href":"https:\/\/www.bububee.cz\/index.php\/wp-json\/wp\/v2\/posts\/665\/revisions\/669"}],"wp:attachment":[{"href":"https:\/\/www.bububee.cz\/index.php\/wp-json\/wp\/v2\/media?parent=665"}],"wp:term":[{"taxonomy":"category","embeddable":true,"href":"https:\/\/www.bububee.cz\/index.php\/wp-json\/wp\/v2\/categories?post=665"},{"taxonomy":"post_tag","embeddable":true,"href":"https:\/\/www.bububee.cz\/index.php\/wp-json\/wp\/v2\/tags?post=665"}],"curies":[{"name":"wp","href":"https:\/\/api.w.org\/{rel}","templated":true}]}}