{"id":662,"date":"2017-11-30T16:09:02","date_gmt":"2017-11-30T15:09:02","guid":{"rendered":"http:\/\/www.bububee.cz\/?p=662"},"modified":"2017-11-30T16:36:14","modified_gmt":"2017-11-30T15:36:14","slug":"prodej-medu-v-kulturnim-centru-v-novem-straseci","status":"publish","type":"post","link":"https:\/\/www.bububee.cz\/index.php\/2017\/11\/30\/prodej-medu-v-kulturnim-centru-v-novem-straseci\/","title":{"rendered":"Prodej medu v Kulturn\u00edm centru v Nov\u00e9m Stra\u0161ec\u00ed"},"content":{"rendered":"<h3 style=\"text-align: center;\"><strong>Pro milovn\u00edky medu m\u00e1me dobrou zpr\u00e1vu!<\/strong><\/h3>\n<p style=\"text-align: center;\">Pod patronac\u00ed na\u0161\u00ed ZO \u010cSV budeme op\u011bt prod\u00e1vat med a medov\u00e9 pochutiny.<\/p>\n<p style=\"text-align: center;\">Tentokr\u00e1t na adventu:<\/p>\n<h4 style=\"text-align: center;\">&nbsp;KC v&nbsp;Nov\u00e9m Stra\u0161ec\u00ed ve dnech<br \/>\n<strong>2. a 3. 12. 2017<br \/>\nv\u017edy od 13 do 17 hodin. <\/strong><\/h4>\n<p style=\"text-align: center;\">V nab\u00eddce bude med kv\u011btov\u00fd, medovicov\u00fd i pastovan\u00fd.<br \/>\nNebudou chyb\u011bt ani medy s&nbsp;p\u0159\u00edchut\u00ed kakaa, z\u00e1zvoru a sko\u0159ice.<br \/>\nA dokonce i novinky!&nbsp;<\/p>\n<p style=\"text-align: center;\">Med s o\u0159\u00ed\u0161ky,<br \/>\nMed se su\u0161en\u00fdm subtropick\u00fdm ovocem<br \/>\nMed se su\u0161en\u00fdm ovocem a o\u0159\u00ed\u0161ky podle studentsk\u00e9 sm\u011bsi.<\/p>\n<p style=\"text-align: center;\"><strong>P\u0159ejeme v\u00e1m kr\u00e1sn\u00fd prvn\u00ed advent!<\/strong><\/p>\n<p style=\"text-align: right;\">(dm)<\/p>\n","protected":false},"excerpt":{"rendered":"<p>Pro milovn\u00edky medu m\u00e1me dobrou zpr\u00e1vu! Pod patronac\u00ed na\u0161\u00ed ZO \u010cSV budeme op\u011bt prod\u00e1vat med a medov\u00e9 pochutiny. Tentokr\u00e1t na adventu: &nbsp;KC v&nbsp;Nov\u00e9m Stra\u0161ec\u00ed ve dnech 2. a 3. 12. 2017 v\u017edy od 13 do 17 hodin. V nab\u00eddce bude med kv\u011btov\u00fd, medovicov\u00fd i pastovan\u00fd. Nebudou chyb\u011bt ani medy s&nbsp;p\u0159\u00edchut\u00ed kakaa, z\u00e1zvoru a sko\u0159ice. A [&hellip;]<\/p>\n","protected":false},"author":1,"featured_media":0,"comment_status":"open","ping_status":"open","sticky":false,"template":"","format":"standard","meta":{"ngg_post_thumbnail":0,"footnotes":""},"categories":[1],"tags":[],"_links":{"self":[{"href":"https:\/\/www.bububee.cz\/index.php\/wp-json\/wp\/v2\/posts\/662"}],"collection":[{"href":"https:\/\/www.bububee.cz\/index.php\/wp-json\/wp\/v2\/posts"}],"about":[{"href":"https:\/\/www.bububee.cz\/index.php\/wp-json\/wp\/v2\/types\/post"}],"author":[{"embeddable":true,"href":"https:\/\/www.bububee.cz\/index.php\/wp-json\/wp\/v2\/users\/1"}],"replies":[{"embeddable":true,"href":"https:\/\/www.bububee.cz\/index.php\/wp-json\/wp\/v2\/comments?post=662"}],"version-history":[{"count":2,"href":"https:\/\/www.bububee.cz\/index.php\/wp-json\/wp\/v2\/posts\/662\/revisions"}],"predecessor-version":[{"id":664,"href":"https:\/\/www.bububee.cz\/index.php\/wp-json\/wp\/v2\/posts\/662\/revisions\/664"}],"wp:attachment":[{"href":"https:\/\/www.bububee.cz\/index.php\/wp-json\/wp\/v2\/media?parent=662"}],"wp:term":[{"taxonomy":"category","embeddable":true,"href":"https:\/\/www.bububee.cz\/index.php\/wp-json\/wp\/v2\/categories?post=662"},{"taxonomy":"post_tag","embeddable":true,"href":"https:\/\/www.bububee.cz\/index.php\/wp-json\/wp\/v2\/tags?post=662"}],"curies":[{"name":"wp","href":"https:\/\/api.w.org\/{rel}","templated":true}]}}