{"id":634,"date":"2017-11-27T12:17:09","date_gmt":"2017-11-27T11:17:09","guid":{"rendered":"http:\/\/www.bububee.cz\/?p=634"},"modified":"2017-12-01T00:08:06","modified_gmt":"2017-11-30T23:08:06","slug":"predvanocni-prodej-medu","status":"publish","type":"post","link":"https:\/\/www.bububee.cz\/index.php\/2017\/11\/27\/predvanocni-prodej-medu\/","title":{"rendered":"P\u0159edv\u00e1no\u010dn\u00ed prodej medu"},"content":{"rendered":"<p>P\u0159i p\u00e1te\u010dn\u00edm odpoledn\u00edm jarmarku, kter\u00fd p\u0159edch\u00e1zel rozsv\u00edcen\u00ed v\u00e1no\u010dn\u00edho stromku, jsme op\u011bt pod hlavi\u010dkou v\u010dela\u0159sk\u00e9ho krou\u017eku prod\u00e1vali r\u016fzn\u00e9 druhy medu. Sou\u010d\u00e1st\u00ed byla&nbsp; i jejich u\u017e tradi\u010dn\u00ed ochutn\u00e1vka.&nbsp;<br \/>\nMlad\u00ed v\u010dela\u0159i Metod\u011bj, Mat\u011bj a V\u00edtek ml. se sna\u017eili upoutat n\u00e1v\u0161t\u011bvn\u00edky a vysv\u011btlit jim jednotliv\u00e9 rozd\u00edly v druz\u00edch a p\u016fvodu medu.<\/p>\n<p>&nbsp;<img decoding=\"async\" loading=\"lazy\" class=\"alignnone size-medium wp-image-639\" src=\"http:\/\/www.bububee.cz\/wp-content\/uploads\/2017\/11\/Rozviceni_stromku_2017_12-239x300.png\" alt=\"\" width=\"239\" height=\"300\" srcset=\"https:\/\/www.bububee.cz\/wp-content\/uploads\/2017\/11\/Rozviceni_stromku_2017_12-239x300.png 239w, https:\/\/www.bububee.cz\/wp-content\/uploads\/2017\/11\/Rozviceni_stromku_2017_12.png 414w\" sizes=\"(max-width: 239px) 100vw, 239px\" \/><\/p>\n<p>P\u0159\u00edtel Hubka s Kl\u00e1rou a V\u00edtkem pak dbali na spr\u00e1vn\u00fd prodej!<\/p>\n<p>Jsou to sice skromn\u00e9 za\u010d\u00e1tky, ale ono to p\u016fjde&#8230;<br \/>\nV\u00fdt\u011b\u017eek z prodeje jde v pln\u00e9 v\u00fd\u0161i na pot\u0159eby v\u010dela\u0159sk\u00e9ho krou\u017eku.<br \/>\nD\u011bkujeme t\u00edmto v\u0161em kupuj\u00edc\u00edm za jejich podporu.<\/p>\n<p>To jsme si kr\u00e1sn\u011b u\u017eili sv\u011bta!<\/p>\n<p style=\"text-align: right;\">(dm)&nbsp;<\/p>\n","protected":false},"excerpt":{"rendered":"<p>P\u0159i p\u00e1te\u010dn\u00edm odpoledn\u00edm jarmarku, kter\u00fd p\u0159edch\u00e1zel rozsv\u00edcen\u00ed v\u00e1no\u010dn\u00edho stromku, jsme op\u011bt pod hlavi\u010dkou v\u010dela\u0159sk\u00e9ho krou\u017eku prod\u00e1vali r\u016fzn\u00e9 druhy medu. Sou\u010d\u00e1st\u00ed byla&nbsp; i jejich u\u017e tradi\u010dn\u00ed ochutn\u00e1vka.&nbsp; Mlad\u00ed v\u010dela\u0159i Metod\u011bj, Mat\u011bj a V\u00edtek ml. se sna\u017eili upoutat n\u00e1v\u0161t\u011bvn\u00edky a vysv\u011btlit jim jednotliv\u00e9 rozd\u00edly v druz\u00edch a p\u016fvodu medu. &nbsp; P\u0159\u00edtel Hubka s Kl\u00e1rou a V\u00edtkem pak [&hellip;]<\/p>\n","protected":false},"author":1,"featured_media":0,"comment_status":"open","ping_status":"open","sticky":false,"template":"","format":"standard","meta":{"ngg_post_thumbnail":0,"footnotes":""},"categories":[1],"tags":[],"_links":{"self":[{"href":"https:\/\/www.bububee.cz\/index.php\/wp-json\/wp\/v2\/posts\/634"}],"collection":[{"href":"https:\/\/www.bububee.cz\/index.php\/wp-json\/wp\/v2\/posts"}],"about":[{"href":"https:\/\/www.bububee.cz\/index.php\/wp-json\/wp\/v2\/types\/post"}],"author":[{"embeddable":true,"href":"https:\/\/www.bububee.cz\/index.php\/wp-json\/wp\/v2\/users\/1"}],"replies":[{"embeddable":true,"href":"https:\/\/www.bububee.cz\/index.php\/wp-json\/wp\/v2\/comments?post=634"}],"version-history":[{"count":8,"href":"https:\/\/www.bububee.cz\/index.php\/wp-json\/wp\/v2\/posts\/634\/revisions"}],"predecessor-version":[{"id":670,"href":"https:\/\/www.bububee.cz\/index.php\/wp-json\/wp\/v2\/posts\/634\/revisions\/670"}],"wp:attachment":[{"href":"https:\/\/www.bububee.cz\/index.php\/wp-json\/wp\/v2\/media?parent=634"}],"wp:term":[{"taxonomy":"category","embeddable":true,"href":"https:\/\/www.bububee.cz\/index.php\/wp-json\/wp\/v2\/categories?post=634"},{"taxonomy":"post_tag","embeddable":true,"href":"https:\/\/www.bububee.cz\/index.php\/wp-json\/wp\/v2\/tags?post=634"}],"curies":[{"name":"wp","href":"https:\/\/api.w.org\/{rel}","templated":true}]}}