{"id":490,"date":"2017-09-28T11:27:07","date_gmt":"2017-09-28T10:27:07","guid":{"rendered":"http:\/\/www.bububee.cz\/?p=490"},"modified":"2017-09-28T11:27:07","modified_gmt":"2017-09-28T10:27:07","slug":"krouzek-opet-v-plnem-proudu","status":"publish","type":"post","link":"https:\/\/www.bububee.cz\/index.php\/2017\/09\/28\/krouzek-opet-v-plnem-proudu\/","title":{"rendered":"Krou\u017eek op\u011bt v pln\u00e9m proudu"},"content":{"rendered":"<p>Ji\u017e druhou sch\u016fzkou pokra\u010doval krou\u017eek v\u010dela\u0159\u016f. V\u0161ichni se \u010dinili a pom\u00e1hali upravit prostory na Fortn\u011b.<\/p>\n<p>A\u017e se&nbsp;zima zept\u00e1, co jsme d\u011blali v l\u00e9t\u011b, rozhodn\u011b budou m\u00edt v\u010dela\u0159\u00edci mo\u017enost se p\u0159ek\u0159ikovat:<\/p>\n<ul>\n<li>Zat\u00edm se n\u00e1m poda\u0159ilo s podporou m\u011bsta upravit kom\u00ednovou cestu, abychom z\u00edskali revizi a mohli v zim\u011b topit.<\/li>\n<li>Upravili jsme podlahy, abychom ji\u017e p\u0159\u00ed\u0161t\u00ed t\u00fdden mohli polo\u017eit n\u00e1\u0161lapn\u00e9 koberce<\/li>\n<li>V\u010dela\u0159\u00edci se v\u0161\u00ed silou vrhli na vy\u010di\u0161t\u011bn\u00ed dvorku, k\u00e1c\u00ed n\u00e1lety, \u0161t\u011bpkuj\u00ed jen t\u0159\u00edsky l\u00e9taj\u00ed<\/li>\n<li>Dostali jsme se i k v\u00fdzdob\u011b. Prvn\u00ed zap\u016fj\u010den\u00e9 n\u00e1st\u011bnn\u00e9 informa\u010dn\u00ed desky ji\u017e vis\u00ed na zdech.<\/li>\n<\/ul>\n<p>V\u010dely v \u00falech, o kter\u00e9 se v\u010dela\u0159\u00edci staraj\u00ed,&nbsp; se u\u017e&nbsp;tak\u00e9 pomalu p\u0159ipravuj\u00ed na zimu. Sice na sebe ob\u010das upozorn\u00ed \u017eihadlem, ale aktivita rychle kles\u00e1. Z\u00e1soby maj\u00ed nachystan\u00e9. Jen chud\u011bry netu\u0161\u00ed, \u017ee je \u010dek\u00e1 podzimn\u00ed l\u00e9\u010den\u00ed. A to bude zase nov\u00e1 zku\u0161enost na\u0161ich&nbsp; \u010dlen\u016f.<\/p>\n<p style=\"text-align: right;\">(dm)<\/p>\n<p>&nbsp;<\/p>\n","protected":false},"excerpt":{"rendered":"<p>Ji\u017e druhou sch\u016fzkou pokra\u010doval krou\u017eek v\u010dela\u0159\u016f. V\u0161ichni se \u010dinili a pom\u00e1hali upravit prostory na Fortn\u011b. A\u017e se&nbsp;zima zept\u00e1, co jsme d\u011blali v l\u00e9t\u011b, rozhodn\u011b budou m\u00edt v\u010dela\u0159\u00edci mo\u017enost se p\u0159ek\u0159ikovat: Zat\u00edm se n\u00e1m poda\u0159ilo s podporou m\u011bsta upravit kom\u00ednovou cestu, abychom z\u00edskali revizi a mohli v zim\u011b topit. Upravili jsme podlahy, abychom ji\u017e p\u0159\u00ed\u0161t\u00ed t\u00fdden [&hellip;]<\/p>\n","protected":false},"author":1,"featured_media":0,"comment_status":"open","ping_status":"open","sticky":false,"template":"","format":"standard","meta":{"ngg_post_thumbnail":0,"footnotes":""},"categories":[3],"tags":[],"_links":{"self":[{"href":"https:\/\/www.bububee.cz\/index.php\/wp-json\/wp\/v2\/posts\/490"}],"collection":[{"href":"https:\/\/www.bububee.cz\/index.php\/wp-json\/wp\/v2\/posts"}],"about":[{"href":"https:\/\/www.bububee.cz\/index.php\/wp-json\/wp\/v2\/types\/post"}],"author":[{"embeddable":true,"href":"https:\/\/www.bububee.cz\/index.php\/wp-json\/wp\/v2\/users\/1"}],"replies":[{"embeddable":true,"href":"https:\/\/www.bububee.cz\/index.php\/wp-json\/wp\/v2\/comments?post=490"}],"version-history":[{"count":1,"href":"https:\/\/www.bububee.cz\/index.php\/wp-json\/wp\/v2\/posts\/490\/revisions"}],"predecessor-version":[{"id":491,"href":"https:\/\/www.bububee.cz\/index.php\/wp-json\/wp\/v2\/posts\/490\/revisions\/491"}],"wp:attachment":[{"href":"https:\/\/www.bububee.cz\/index.php\/wp-json\/wp\/v2\/media?parent=490"}],"wp:term":[{"taxonomy":"category","embeddable":true,"href":"https:\/\/www.bububee.cz\/index.php\/wp-json\/wp\/v2\/categories?post=490"},{"taxonomy":"post_tag","embeddable":true,"href":"https:\/\/www.bububee.cz\/index.php\/wp-json\/wp\/v2\/tags?post=490"}],"curies":[{"name":"wp","href":"https:\/\/api.w.org\/{rel}","templated":true}]}}