{"id":3177,"date":"2023-11-02T07:37:13","date_gmt":"2023-11-02T06:37:13","guid":{"rendered":"https:\/\/www.bububee.cz\/?p=3177"},"modified":"2023-11-02T07:37:43","modified_gmt":"2023-11-02T06:37:43","slug":"domedna-2023","status":"publish","type":"post","link":"https:\/\/www.bububee.cz\/index.php\/2023\/11\/02\/domedna-2023\/","title":{"rendered":"DOMEDN\u00c1 2023"},"content":{"rendered":"\n<p>P\u0159\u00e1tel\u00e9 v\u010dela\u0159i,<\/p>\n\n\n\n<p>ZO \u010cSV v&nbsp;Nov\u00e9m Stra\u0161ec\u00ed po\u0159\u00e1dala tradi\u010dn\u011b ke konci kalend\u00e1\u0159n\u00edho roku tzv. Domednou, kde se v\u010dela\u0159i a jejich p\u0159\u00e1tel\u00e9 a zn\u00e1m\u00ed se\u0161li a posed\u011bli u muziky a p\u0159i dobr\u00e9m j\u00eddle a pohovo\u0159ili neform\u00e1ln\u011b o prob\u011bhl\u00e9m v\u010dela\u0159sk\u00e9m kalend\u00e1\u0159n\u00edm roku. Tuto tradici p\u0159eru\u0161il v&nbsp;minul\u00fdch dvou letech Covid, tak\u017ee se Domedn\u00e9 v&nbsp;letech 2021 a 2022 nekonaly. Chceme letos tuto tradici obnovit, ale na vy\u0161\u0161\u00ed \u00farovni.<\/p>\n\n\n\n<p>Proto jsme ve spolupr\u00e1ci se zn\u00e1m\u00fdm hostincem Na R\u016f\u017eku v&nbsp;Pec\u00ednov\u011b (Nov\u00e9 Stra\u0161ec\u00ed) p\u0159ipravili \u201eV\u010dela\u0159sk\u00e9 slavnosti \u2013 Domedn\u00e1 2023\u201c. Na tyto slavnosti v\u00e1s v\u0161echny srde\u010dn\u011b zveme. Pozv\u00e1n\u00ed nen\u00ed pouze pro v\u010dela\u0159e, ale i pro jejich rodinn\u00e9 p\u0159\u00edslu\u0161n\u00edky a jejich zn\u00e1m\u00e9, prost\u011b pro \u0161irokou ve\u0159ejnost. P\u0159ij\u010fte v\u0161ichni, kdo m\u00e1te r\u00e1di v\u010dely a p\u0159\u00edrodu.<\/p>\n\n\n\n<p>Co jsme pro v\u00e1s p\u0159ipravili. Akce se kon\u00e1 2. prosince na velk\u00e9m s\u00e1le hostince Na R\u016f\u017eku v&nbsp;Pec\u00ednov\u011b od 10 hodin. V&nbsp;10 hodin za\u010d\u00ednaj\u00ed prod\u00e1vat st\u00e1nky, kde vedle st\u00e1nk\u016f s medem a v\u00fdrobk\u016f z&nbsp;ostatn\u00edch v\u010del\u00edch produkt\u016f, budou st\u00e1nky s&nbsp;prodejem v\u010dela\u0159sk\u00fdch pot\u0159eb, jako nap\u0159. \u00fal\u016f, r\u00e1mk\u016f a v\u0161ech ostatn\u00edch v\u010dela\u0159sk\u00fdch pot\u0159eb. \u00da\u010dast p\u0159isl\u00edbily tyto firmy: Flugo, V\u010dela\u0159stv\u00ed \u2013 Ja\u0161ovi, Fravi a firma Dole\u017eal.<\/p>\n\n\n\n<p>Sou\u010dasn\u011b s&nbsp;prodejem ve st\u00e1nc\u00edch budou prob\u00edhat na podiu velk\u00e9ho s\u00e1lu p\u0159edn\u00e1\u0161ky a besedy s&nbsp;p\u0159edn\u00edmi odborn\u00edky na v\u010dela\u0159stv\u00ed. Zde se n\u00e1m poda\u0159ilo zajistit \u00fa\u010dast vynikaj\u00edc\u00edch odborn\u00edk\u016f.<\/p>\n\n\n\n<p>Pana doktora \u0160vamberka, kter\u00fd bude besedovat od 11 hodin, nen\u00ed t\u0159eba p\u0159edstavovat. Jedn\u00e1 se o p\u0159edn\u00edho odborn\u00edka na v\u010dela\u0159sk\u00e9 rostliny se zam\u011b\u0159en\u00edm na v\u010del\u00ed pastvu. Je autorem n\u011bkolika skv\u011bl\u00fdch knih na toto t\u00e9ma. P\u016fsob\u00ed na v\u010dela\u0159sk\u00e9 farm\u011b M\u00e1ja v&nbsp;Ko\u017elanech, kam n\u00e1\u0161 spolek po\u0159\u00e1dal n\u011bkolik z\u00e1jezd\u016f.<\/p>\n\n\n\n<p>Od 13 hodin potom vystoup\u00ed pan Ing. V\u00e1clav Nov\u00e1k&nbsp;odborn\u00edk, kter\u00fd je mimo jin\u00e9 zapojen i do evropsk\u00e9ho projektu na boj se sr\u0161n\u00ed asijskou. Sv\u00e9 zku\u0161enosti mimo jin\u00e9 prezentoval nap\u0159\u00edklad na str\u00e1nk\u00e1ch \u010dasopisu Modern\u00ed&nbsp; V\u010dela\u0159. Ve sv\u00e9 p\u0159edn\u00e1\u0161ce n\u00e1s sezn\u00e1m\u00ed se \u017eivotn\u00edm cyklem asijsk\u00e9 sr\u0161n\u011b a jej\u00edm \u0161\u00ed\u0159en\u00edm po evropsk\u00e9m kontinentu. Uk\u00e1\u017ee jak se chovat p\u0159i setk\u00e1n\u00ed s t\u00edmto invazivn\u00edm druhem. A tak\u00e9 p\u0159edstav\u00ed praktick\u00e9 zku\u0161enosti v\u010dela\u0159\u016f z&nbsp;ji\u017en\u00ed&nbsp; Evropy, kde se s v\u00fdskytem sr\u0161n\u011b asijsk\u00e9 pot\u00fdkaj\u00ed ji\u017e v\u00edce let.<\/p>\n\n\n\n<p>Posledn\u00ed p\u0159edn\u00e1\u0161ka za\u010dne v&nbsp;15 hodin a besedovat bude pan Vladim\u00edr Dole\u017eal a p\u0159edstav\u00ed n\u00e1m dal\u0161\u00ed , trochu opom\u00edjen\u00e9 v\u010del\u00ed produkty (vosk, propolis, pyl, mate\u0159\u00ed ka\u0161i\u010dku) a jejich praktick\u00e9 pou\u017eit\u00ed. Zp\u016fsoby jejich spr\u00e1vn\u00e9ho z\u00edsk\u00e1v\u00e1n\u00ed, pou\u017eit\u00ed, v\u010detn\u011b uk\u00e1zky v\u00fdrobk\u016f z&nbsp;t\u011bchto produkt\u016f, s mo\u017enost\u00ed jejich zakoupen\u00ed.&nbsp;<\/p>\n\n\n\n<p>V&nbsp;17 hodin se ukon\u010d\u00ed prodej na st\u00e1nc\u00edch a v&nbsp;18 hodin za\u010dne tradi\u010dn\u00ed Domedn\u00e1 2023. K&nbsp;poslechu a tanci bude hr\u00e1t skupina Askalona folkovou a trampskou muziku. Lze p\u0159edpokl\u00e1dat, \u017ee p\u0159i dobr\u00e9m j\u00eddle a pit\u00ed bude pov\u00edd\u00e1n\u00ed o v\u010del\u00e1ch a p\u0159\u00edrod\u011b velice p\u0159\u00edjemn\u00e9. Na Domednou zveme v\u010dela\u0159e, ale i \u0161irokou ve\u0159ejnost. Tak a\u0165 se v\u00e1m leto\u0161n\u00ed V\u010dela\u0159sk\u00e9 slavnost a Domedn\u00e1 2023 l\u00edb\u00ed.<\/p>\n\n\n\n<p>Zve v\u00fdbor ZO \u010cSV Nov\u00e9 Stra\u0161ec\u00ed a hostinec Na R\u016f\u017eku<\/p>\n\n\n\n<figure class=\"wp-block-image size-large is-resized\"><img decoding=\"async\" loading=\"lazy\" width=\"768\" height=\"1024\" src=\"https:\/\/www.bububee.cz\/wp-content\/uploads\/2023\/11\/VCELARSKE-SLAVNOSTI-final-768x1024.png\" alt=\"\" class=\"wp-image-3178\" style=\"aspect-ratio:0.75;width:840px;height:auto\" srcset=\"https:\/\/www.bububee.cz\/wp-content\/uploads\/2023\/11\/VCELARSKE-SLAVNOSTI-final-768x1024.png 768w, https:\/\/www.bububee.cz\/wp-content\/uploads\/2023\/11\/VCELARSKE-SLAVNOSTI-final-225x300.png 225w, https:\/\/www.bububee.cz\/wp-content\/uploads\/2023\/11\/VCELARSKE-SLAVNOSTI-final-1152x1536.png 1152w, https:\/\/www.bububee.cz\/wp-content\/uploads\/2023\/11\/VCELARSKE-SLAVNOSTI-final-1536x2048.png 1536w, https:\/\/www.bububee.cz\/wp-content\/uploads\/2023\/11\/VCELARSKE-SLAVNOSTI-final-676x901.png 676w\" sizes=\"(max-width: 768px) 100vw, 768px\" \/><\/figure>\n\n\n\n<p>Ing. Ji\u0159\u00ed Hubka<\/p>\n","protected":false},"excerpt":{"rendered":"<p>P\u0159\u00e1tel\u00e9 v\u010dela\u0159i, ZO \u010cSV v&nbsp;Nov\u00e9m Stra\u0161ec\u00ed po\u0159\u00e1dala tradi\u010dn\u011b ke konci kalend\u00e1\u0159n\u00edho roku tzv. Domednou, kde se v\u010dela\u0159i a jejich p\u0159\u00e1tel\u00e9 a zn\u00e1m\u00ed se\u0161li a posed\u011bli u muziky a p\u0159i dobr\u00e9m j\u00eddle a pohovo\u0159ili neform\u00e1ln\u011b o prob\u011bhl\u00e9m v\u010dela\u0159sk\u00e9m kalend\u00e1\u0159n\u00edm roku. Tuto tradici p\u0159eru\u0161il v&nbsp;minul\u00fdch dvou letech Covid, tak\u017ee se Domedn\u00e9 v&nbsp;letech 2021 a 2022 nekonaly. Chceme [&hellip;]<\/p>\n","protected":false},"author":81,"featured_media":0,"comment_status":"open","ping_status":"open","sticky":false,"template":"","format":"standard","meta":{"ngg_post_thumbnail":0,"footnotes":""},"categories":[1],"tags":[],"_links":{"self":[{"href":"https:\/\/www.bububee.cz\/index.php\/wp-json\/wp\/v2\/posts\/3177"}],"collection":[{"href":"https:\/\/www.bububee.cz\/index.php\/wp-json\/wp\/v2\/posts"}],"about":[{"href":"https:\/\/www.bububee.cz\/index.php\/wp-json\/wp\/v2\/types\/post"}],"author":[{"embeddable":true,"href":"https:\/\/www.bububee.cz\/index.php\/wp-json\/wp\/v2\/users\/81"}],"replies":[{"embeddable":true,"href":"https:\/\/www.bububee.cz\/index.php\/wp-json\/wp\/v2\/comments?post=3177"}],"version-history":[{"count":2,"href":"https:\/\/www.bububee.cz\/index.php\/wp-json\/wp\/v2\/posts\/3177\/revisions"}],"predecessor-version":[{"id":3180,"href":"https:\/\/www.bububee.cz\/index.php\/wp-json\/wp\/v2\/posts\/3177\/revisions\/3180"}],"wp:attachment":[{"href":"https:\/\/www.bububee.cz\/index.php\/wp-json\/wp\/v2\/media?parent=3177"}],"wp:term":[{"taxonomy":"category","embeddable":true,"href":"https:\/\/www.bububee.cz\/index.php\/wp-json\/wp\/v2\/categories?post=3177"},{"taxonomy":"post_tag","embeddable":true,"href":"https:\/\/www.bububee.cz\/index.php\/wp-json\/wp\/v2\/tags?post=3177"}],"curies":[{"name":"wp","href":"https:\/\/api.w.org\/{rel}","templated":true}]}}