{"id":3136,"date":"2023-09-04T11:52:41","date_gmt":"2023-09-04T10:52:41","guid":{"rendered":"https:\/\/www.bububee.cz\/?p=3136"},"modified":"2023-09-04T11:52:42","modified_gmt":"2023-09-04T10:52:42","slug":"vcelarska-vystava","status":"publish","type":"post","link":"https:\/\/www.bububee.cz\/index.php\/2023\/09\/04\/vcelarska-vystava\/","title":{"rendered":"V\u010dela\u0159sk\u00e1 v\u00fdstava"},"content":{"rendered":"\n<p>V\u00e1\u017een\u00ed p\u0159\u00e1tel\u00e9 v\u010dela\u0159en\u00ed a p\u0159\u00edrody,<\/p>\n\n\n\n<p>ve dnech 9. a 10. z\u00e1\u0159\u00ed se kon\u00e1 tradi\u010dn\u00ed v\u00fdstava v\u010dela\u0159sk\u00e9ho spolku v\u00a0Nov\u00e9m Stra\u0161ec\u00ed. V\u00fdstava je v\u00a0r\u00e1mci Novostra\u0161eck\u00e9ho posv\u00edcen\u00ed a je otev\u0159ena v\u017edy od 11 do 18 hodin v\u00a0s\u00eddle spolku na Fortn\u011b. Srde\u010dn\u011b zveme v\u0161echny \u010dleny spolku a v\u0161echny p\u0159\u00e1tele v\u010del a p\u0159\u00edrody k\u00a0n\u00e1v\u0161t\u011bv\u011b na\u0161eho st\u0159ediska. Bli\u017e\u0161\u00ed informace jsou na p\u0159ilo\u017een\u00e9m let\u00e1ku.<\/p>\n\n\n\n<figure class=\"wp-block-gallery has-nested-images columns-default is-cropped wp-block-gallery-1 is-layout-flex wp-block-gallery-is-layout-flex\">\n<figure class=\"wp-block-image size-large\"><img decoding=\"async\" loading=\"lazy\" width=\"724\" height=\"1024\" data-id=\"3137\" src=\"https:\/\/www.bububee.cz\/wp-content\/uploads\/2023\/09\/letacek-vcely-2023-724x1024.jpg\" alt=\"\" class=\"wp-image-3137\" srcset=\"https:\/\/www.bububee.cz\/wp-content\/uploads\/2023\/09\/letacek-vcely-2023-724x1024.jpg 724w, https:\/\/www.bububee.cz\/wp-content\/uploads\/2023\/09\/letacek-vcely-2023-212x300.jpg 212w, https:\/\/www.bububee.cz\/wp-content\/uploads\/2023\/09\/letacek-vcely-2023-768x1086.jpg 768w, https:\/\/www.bububee.cz\/wp-content\/uploads\/2023\/09\/letacek-vcely-2023-1086x1536.jpg 1086w, https:\/\/www.bububee.cz\/wp-content\/uploads\/2023\/09\/letacek-vcely-2023-1448x2048.jpg 1448w, https:\/\/www.bububee.cz\/wp-content\/uploads\/2023\/09\/letacek-vcely-2023-676x956.jpg 676w, https:\/\/www.bububee.cz\/wp-content\/uploads\/2023\/09\/letacek-vcely-2023-scaled.jpg 1810w\" sizes=\"(max-width: 724px) 100vw, 724px\" \/><\/figure>\n<\/figure>\n\n\n\n<p>Ing. Ji\u0159\u00ed Hubka<\/p>\n","protected":false},"excerpt":{"rendered":"<p>V\u00e1\u017een\u00ed p\u0159\u00e1tel\u00e9 v\u010dela\u0159en\u00ed a p\u0159\u00edrody, ve dnech 9. a 10. z\u00e1\u0159\u00ed se kon\u00e1 tradi\u010dn\u00ed v\u00fdstava v\u010dela\u0159sk\u00e9ho spolku v\u00a0Nov\u00e9m Stra\u0161ec\u00ed. V\u00fdstava je v\u00a0r\u00e1mci Novostra\u0161eck\u00e9ho posv\u00edcen\u00ed a je otev\u0159ena v\u017edy od 11 do 18 hodin v\u00a0s\u00eddle spolku na Fortn\u011b. Srde\u010dn\u011b zveme v\u0161echny \u010dleny spolku a v\u0161echny p\u0159\u00e1tele v\u010del a p\u0159\u00edrody k\u00a0n\u00e1v\u0161t\u011bv\u011b na\u0161eho st\u0159ediska. Bli\u017e\u0161\u00ed informace jsou na [&hellip;]<\/p>\n","protected":false},"author":81,"featured_media":0,"comment_status":"open","ping_status":"open","sticky":false,"template":"","format":"standard","meta":{"ngg_post_thumbnail":0,"footnotes":""},"categories":[1],"tags":[],"_links":{"self":[{"href":"https:\/\/www.bububee.cz\/index.php\/wp-json\/wp\/v2\/posts\/3136"}],"collection":[{"href":"https:\/\/www.bububee.cz\/index.php\/wp-json\/wp\/v2\/posts"}],"about":[{"href":"https:\/\/www.bububee.cz\/index.php\/wp-json\/wp\/v2\/types\/post"}],"author":[{"embeddable":true,"href":"https:\/\/www.bububee.cz\/index.php\/wp-json\/wp\/v2\/users\/81"}],"replies":[{"embeddable":true,"href":"https:\/\/www.bububee.cz\/index.php\/wp-json\/wp\/v2\/comments?post=3136"}],"version-history":[{"count":1,"href":"https:\/\/www.bububee.cz\/index.php\/wp-json\/wp\/v2\/posts\/3136\/revisions"}],"predecessor-version":[{"id":3138,"href":"https:\/\/www.bububee.cz\/index.php\/wp-json\/wp\/v2\/posts\/3136\/revisions\/3138"}],"wp:attachment":[{"href":"https:\/\/www.bububee.cz\/index.php\/wp-json\/wp\/v2\/media?parent=3136"}],"wp:term":[{"taxonomy":"category","embeddable":true,"href":"https:\/\/www.bububee.cz\/index.php\/wp-json\/wp\/v2\/categories?post=3136"},{"taxonomy":"post_tag","embeddable":true,"href":"https:\/\/www.bububee.cz\/index.php\/wp-json\/wp\/v2\/tags?post=3136"}],"curies":[{"name":"wp","href":"https:\/\/api.w.org\/{rel}","templated":true}]}}