{"id":2583,"date":"2022-03-10T08:33:46","date_gmt":"2022-03-10T07:33:46","guid":{"rendered":"http:\/\/www.bububee.cz\/?p=2583"},"modified":"2022-03-10T08:33:48","modified_gmt":"2022-03-10T07:33:48","slug":"pozvanka-na-vyrocni-clenskou-schuzi-za-rok-2021","status":"publish","type":"post","link":"https:\/\/www.bububee.cz\/index.php\/2022\/03\/10\/pozvanka-na-vyrocni-clenskou-schuzi-za-rok-2021\/","title":{"rendered":"Pozv\u00e1nka na V\u00ddRO\u010cN\u00cd \u010cLENSKOU SCH\u016eZI ZA ROK 2021"},"content":{"rendered":"\n<p>V\u00fdbor z\u00e1kladn\u00ed organizace \u010cSV v Nov\u00e9m Stra\u0161ec\u00ed V\u00e1s zve na v\u00fdro\u010dn\u00ed \u010dlenskou sch\u016fzi za rok 2021, kter\u00e1 se bude konat dne 2.4.2022 (sobota) od 9 hodin v kulturn\u00edm dom\u011b na Rud\u011b.<\/p>\n\n\n\n<p>Po v\u00fdro\u010dn\u00ed \u010dlensk\u00e9 sch\u016fzi bude pro \u010dleny spolku zaji\u0161t\u011bno ob\u010derstven\u00ed.<\/p>\n\n\n\n<p>Zveme v\u0161echny \u010dleny spolku na v\u00fdro\u010dn\u00ed \u010dlenskou sch\u016fzi, na kter\u00e9, mimo jin\u00e9, bude mo\u017eno si doobjednat l\u00e9\u010divo (Formidol, Gabon, Varromed, Masamaril a jin\u00e9), nebo se p\u0159ihl\u00e1sit na tematick\u00fd z\u00e1jezd do V\u00fdzkumn\u00e9ho \u00fastavu v\u010dela\u0159sk\u00e9ho dne 18.6.2022.<\/p>\n\n\n\n<p>V\u00fdbor spolku zve v\u0161echny \u010dleny spolku na tuto akci, jeliko\u017e jsme se osobn\u011b v tomto slo\u017een\u00ed ji\u017e dva roky nesetkali (Covid).<\/p>\n\n\n\n<p>Za v\u00fdbor spolku<\/p>\n\n\n\n<p>Ing. Ji\u0159\u00ed Hubka \u2013 p\u0159edseda Ing. Tom\u00e1\u0161 Ba\u010dkovsk\u00fd &#8211; jednatel<\/p>\n\n\n\n<div class=\"wp-block-file\"><a href=\"http:\/\/www.bububee.cz\/wp-content\/uploads\/2021\/09\/Pozv\u00e1nkapro\u010dlenyfinal-2.docx\">Pozv\u00e1nka+pro+\u010dleny+final<\/a><a href=\"http:\/\/www.bububee.cz\/wp-content\/uploads\/2021\/09\/Pozv\u00e1nkapro\u010dlenyfinal-2.docx\" class=\"wp-block-file__button\" download>St\u00e1hnout<\/a><\/div>\n\n\n\n<figure class=\"wp-block-gallery columns-1 is-cropped wp-block-gallery-1 is-layout-flex wp-block-gallery-is-layout-flex\"><ul class=\"blocks-gallery-grid\"><li class=\"blocks-gallery-item\"><figure><img decoding=\"async\" loading=\"lazy\" width=\"724\" height=\"1024\" src=\"https:\/\/www.bububee.cz\/wp-content\/uploads\/2022\/03\/Pozv\u00e1nkapro\u010dlenyfinal-724x1024.jpg\" alt=\"\" data-id=\"2584\" data-full-url=\"https:\/\/www.bububee.cz\/wp-content\/uploads\/2022\/03\/Pozv\u00e1nkapro\u010dlenyfinal.jpg\" data-link=\"https:\/\/www.bububee.cz\/?attachment_id=2584\" class=\"wp-image-2584\" srcset=\"https:\/\/www.bububee.cz\/wp-content\/uploads\/2022\/03\/Pozv\u00e1nkapro\u010dlenyfinal-724x1024.jpg 724w, https:\/\/www.bububee.cz\/wp-content\/uploads\/2022\/03\/Pozv\u00e1nkapro\u010dlenyfinal-212x300.jpg 212w, https:\/\/www.bububee.cz\/wp-content\/uploads\/2022\/03\/Pozv\u00e1nkapro\u010dlenyfinal-768x1086.jpg 768w, https:\/\/www.bububee.cz\/wp-content\/uploads\/2022\/03\/Pozv\u00e1nkapro\u010dlenyfinal-676x956.jpg 676w, https:\/\/www.bububee.cz\/wp-content\/uploads\/2022\/03\/Pozv\u00e1nkapro\u010dlenyfinal.jpg 794w\" sizes=\"(max-width: 724px) 100vw, 724px\" \/><\/figure><\/li><\/ul><\/figure>\n","protected":false},"excerpt":{"rendered":"<p>V\u00fdbor z\u00e1kladn\u00ed organizace \u010cSV v Nov\u00e9m Stra\u0161ec\u00ed V\u00e1s zve na v\u00fdro\u010dn\u00ed \u010dlenskou sch\u016fzi za rok 2021, kter\u00e1 se bude konat dne 2.4.2022 (sobota) od 9 hodin v kulturn\u00edm dom\u011b na Rud\u011b. Po v\u00fdro\u010dn\u00ed \u010dlensk\u00e9 sch\u016fzi bude pro \u010dleny spolku zaji\u0161t\u011bno ob\u010derstven\u00ed. Zveme v\u0161echny \u010dleny spolku na v\u00fdro\u010dn\u00ed \u010dlenskou sch\u016fzi, na kter\u00e9, mimo jin\u00e9, bude mo\u017eno [&hellip;]<\/p>\n","protected":false},"author":81,"featured_media":0,"comment_status":"open","ping_status":"open","sticky":false,"template":"","format":"standard","meta":{"ngg_post_thumbnail":0,"footnotes":""},"categories":[1],"tags":[],"_links":{"self":[{"href":"https:\/\/www.bububee.cz\/index.php\/wp-json\/wp\/v2\/posts\/2583"}],"collection":[{"href":"https:\/\/www.bububee.cz\/index.php\/wp-json\/wp\/v2\/posts"}],"about":[{"href":"https:\/\/www.bububee.cz\/index.php\/wp-json\/wp\/v2\/types\/post"}],"author":[{"embeddable":true,"href":"https:\/\/www.bububee.cz\/index.php\/wp-json\/wp\/v2\/users\/81"}],"replies":[{"embeddable":true,"href":"https:\/\/www.bububee.cz\/index.php\/wp-json\/wp\/v2\/comments?post=2583"}],"version-history":[{"count":2,"href":"https:\/\/www.bububee.cz\/index.php\/wp-json\/wp\/v2\/posts\/2583\/revisions"}],"predecessor-version":[{"id":2586,"href":"https:\/\/www.bububee.cz\/index.php\/wp-json\/wp\/v2\/posts\/2583\/revisions\/2586"}],"wp:attachment":[{"href":"https:\/\/www.bububee.cz\/index.php\/wp-json\/wp\/v2\/media?parent=2583"}],"wp:term":[{"taxonomy":"category","embeddable":true,"href":"https:\/\/www.bububee.cz\/index.php\/wp-json\/wp\/v2\/categories?post=2583"},{"taxonomy":"post_tag","embeddable":true,"href":"https:\/\/www.bububee.cz\/index.php\/wp-json\/wp\/v2\/tags?post=2583"}],"curies":[{"name":"wp","href":"https:\/\/api.w.org\/{rel}","templated":true}]}}