{"id":2472,"date":"2022-01-21T08:00:47","date_gmt":"2022-01-21T07:00:47","guid":{"rendered":"http:\/\/www.bububee.cz\/?p=2472"},"modified":"2022-01-21T08:00:48","modified_gmt":"2022-01-21T07:00:48","slug":"dotace-1-d-nedostatky","status":"publish","type":"post","link":"https:\/\/www.bububee.cz\/index.php\/2022\/01\/21\/dotace-1-d-nedostatky\/","title":{"rendered":"Dotace 1.D &#8211; NEDOSTATKY"},"content":{"rendered":"\n<p>P\u0159\u00e1tel\u00e9 v\u010dela\u0159i,<\/p>\n\n\n\n<p>dostali jsme p\u0159ehled v\u010dela\u0159\u016f v&nbsp;\u010cR, kte\u0159\u00ed z&nbsp;n\u011bjak\u00e9ho d\u016fvodu maj\u00ed z\u00e1va\u017en\u00e9 nedostatky v&nbsp;pod\u00e1n\u00ed \u017e\u00e1dosti o dotaci 1.D ve vazb\u011b na hl\u00e1\u0161en\u00ed o po\u010dtu v\u010delstev, kter\u00e9 jste individu\u00e1ln\u011b pos\u00edlali na \u00fast\u0159edn\u00ed evidenci v\u010delstev k&nbsp;1.9.2021. Pros\u00edm zkontrolujte si tyto seznamy a p\u0159\u00edpadn\u011b podejte sami odvol\u00e1n\u00ed v&nbsp;p\u0159\u00edpad\u011b, \u017ee k&nbsp;tomu m\u00e1te d\u016fvod.<\/p>\n\n\n\n<p>Podle na\u0161\u00ed kontroly se asi jedn\u00e1 o \u010dty\u0159i na\u0161e v\u010dela\u0159e. Najdete se podle registra\u010dn\u00edho \u010d\u00edsla chovatele.<\/p>\n\n\n\n<p>&nbsp;<strong><em>&nbsp;<\/em><\/strong>jh<\/p>\n\n\n\n<p>V\u00e1\u017een\u00ed p\u0159\u00e1tel\u00e9,<\/p>\n\n\n\n<p>\u010cesk\u00fd svaz v\u010dela\u0159\u016f, z. s. jako\u017eto \u017eadatel o dotaci 1.D obdr\u017eel 18.1.2022 Rozhodnut\u00ed o poskytnut\u00ed dotace 1.D pro r. 2021. Sou\u010d\u00e1st\u00ed rozhodnut\u00ed je i&nbsp;<strong>bod III.1 Ov\u011b\u0159en\u00ed v \u00fast\u0159edn\u00ed evidenci v\u010del chovatel\u016f.<\/strong><\/p>\n\n\n\n<p>V p\u0159\u00edloze tohoto dopisu najdete tabulky (P\u0159\u00edloha 2, P\u0159\u00edloha 3, P\u0159\u00edloha 4) s registra\u010dn\u00edmi \u010d\u00edsly t\u011bchto chovatel\u016f, kte\u0159\u00ed nesplnili n\u011bkterou z podm\u00ednek dotace, a s uveden\u00edm po\u010dtu v\u010delstev, na kter\u00fd bylo po\u017e\u00e1d\u00e1no o dotaci, po\u010dtu v\u010delstev v \u00daE a rozd\u00edlu mezi t\u011bmito po\u010dty, v\u0161e se\u0159azeno podle p\u0159\u00edslu\u0161nosti k z\u00e1kladn\u00ed organizaci.<\/p>\n\n\n\n<p>Jsme v \u010dasov\u00e9 t\u00edsni vzhledem k tomu, \u017ee odvolac\u00ed lh\u016fta proti zam\u00edtav\u00e9mu rozhodnut\u00ed je kr\u00e1tk\u00e1, proto se t\u00edmto obrac\u00edme na chovatele, aby si v p\u0159ilo\u017een\u00fdch tabulk\u00e1ch ov\u011b\u0159ili, zda se jich mo\u017enost odvol\u00e1n\u00ed net\u00fdk\u00e1, a na v\u00e1s funkcion\u00e1\u0159e z\u00e1kladn\u00edch organizac\u00ed o pomoc a informov\u00e1n\u00ed chovatel\u016f v p\u0159ilo\u017een\u00fdch tabulk\u00e1ch.<\/p>\n\n\n\n<p><strong>V\u00fd\u0148atek z Rozhodnut\u00ed:<\/strong><\/p>\n\n\n\n<p><strong>III.1. Ov\u011b\u0159en\u00ed v \u00fast\u0159edn\u00ed evidenci v\u010del<\/strong><\/p>\n\n\n\n<p>Fond dne 4.1. 2022 ov\u011b\u0159il registraci chovatel\u016f v\u010del dotazem do \u00daE a po\u010dty v\u010delstev v jednotliv\u00fdch po\u017eadavc\u00edch, zda souhlas\u00ed s po\u010dty v\u010delstev evidovan\u00fdch v \u00daE k 1. 9. 2021 v souladu s vyhl\u00e1\u0161kou \u010d. 136\/2004 Sb., kterou se stanov\u00ed podrobnosti ozna\u010dov\u00e1n\u00ed zv\u00ed\u0159at a jejich evidence a evidence hospod\u00e1\u0159stv\u00ed a osob stanoven\u00fdch plemen\u00e1\u0159sk\u00fdm z\u00e1konem.<\/p>\n\n\n\n<p>Po ov\u011b\u0159en\u00ed Fond zjistil, \u017ee n\u00ed\u017ee uveden\u00fdm chovatel\u016fm v\u010del nelze poskytnout dotaci z n\u00e1sleduj\u00edc\u00edch d\u016fvod\u016f:<\/p>\n\n\n\n<p>a) V p\u0159\u00edloze \u010d. 2 tohoto rozhodnut\u00ed je uvedeno 1 090 chovatel\u016f v\u010del s po\u010dtem 8 024 zazimovan\u00fdch v\u010delstev, kte\u0159\u00ed nemaj\u00ed evidovan\u00e1 v\u010delstva k 1. 9. 2021 v \u00daE a t\u00edm nespl\u0148uj\u00ed podm\u00ednky dle bodu 4 \u010d\u00e1sti B dota\u010dn\u00edho programu 1.D. Z\u00e1sad.<\/p>\n\n\n\n<p>b) V p\u0159\u00edloze \u010d. 3 tohoto rozhodnut\u00ed je uvedeno 54 chovatel\u016f v\u010del s po\u010dtem 268 zazimovan\u00fdch v\u010delstev, kte\u0159\u00ed maj\u00ed v \u00daE uveden\u00fd datum zru\u0161en\u00ed registrace a t\u00edm nespl\u0148uj\u00ed podm\u00ednky dle bodu 4 \u010d\u00e1sti B dota\u010dn\u00edho programu 1.D. Z\u00e1sad.<\/p>\n\n\n\n<p>c) nen\u00ed p\u0159\u00edloha<\/p>\n\n\n\n<p>d) V p\u0159\u00edloze \u010d. 4 tohoto rozhodnut\u00ed je uvedeno 411 chovatel\u016f v\u010del s po\u010dtem 902 zazimovan\u00fdch v\u010delstev, kte\u0159\u00ed maj\u00ed v \u00daE men\u0161\u00ed po\u010det v\u010delstev ne\u017e uvedli v po\u017eadavku, a proto dle bodu 6 p\u00edsm. g) \u010d\u00e1sti B dota\u010dn\u00edho programu 1.D. Z\u00e1sad&nbsp;<strong>do v\u00fdpo\u010dtu v\u00fd\u0161e dotace byl pou\u017eit po\u010det evidovan\u00fd v \u00daE.<\/strong><\/p>\n\n\n\n<p><strong>Pou\u010den\u00ed:&nbsp;<\/strong>Proti tomuto rozhodnut\u00ed se lze odvolat do 28.1.2022 prost\u0159ednictv\u00edm \u010cesk\u00e9ho svazu v\u010dela\u0159\u016f, z.s., K\u0159emencova 177\/8, 115 24 Praha 1 po\u0161tou nebo na email&nbsp;<a href=\"mailto:rueckerova@vcelarstvi.cz\" target=\"_blank\" rel=\"noreferrer noopener\">rueckerova@vcelarstvi.cz<\/a>,&nbsp;<a href=\"mailto:sulcova@vcelarstvi.cz\" target=\"_blank\" rel=\"noreferrer noopener\">sulcova@vcelarstvi.cz<\/a><\/p>\n\n\n\n<p><strong><u>Pros\u00edme chovatele, aby si zkontrolovali, zda v p\u0159ilo\u017een\u00fdch tabulk\u00e1ch nen\u00ed uvedeno jejich registra\u010dn\u00ed \u010d\u00edslo chovatele. Z\u00e1rove\u0148 \u017e\u00e1d\u00e1me jednotliv\u00e9 p\u0159\u00edjemce po\u0161ty \u010d\u00edslo po\u017eadavku: 19 3 00101 strana 2 z\u00e1kladn\u00edch organizac\u00ed, aby prov\u011b\u0159ili, zda v p\u0159ilo\u017een\u00fdch tabulk\u00e1ch jsou uvedeni chovatel\u00e9 z jejich ZO, a pokud ano, aby tyto sv\u00e9 \u010dleny informovali o tom, \u017ee mohou proti rozhodnut\u00ed podat odvol\u00e1n\u00ed.<\/u><\/strong><\/p>\n\n\n\n<p><strong><u>D\u011bkujeme za pochopen\u00ed a spolupr\u00e1ci.<\/u><\/strong><\/p>\n\n\n\n<p>Mgr. Jarmila Machov\u00e1, v. r.&nbsp; &nbsp; &nbsp; &nbsp; &nbsp; &nbsp; &nbsp; &nbsp; &nbsp; &nbsp; &nbsp; &nbsp; &nbsp; &nbsp; &nbsp; Ing. Franti\u0161ek Krej\u010d\u00ed, v. r.<\/p>\n\n\n\n<p>p\u0159edsedkyn\u011b&nbsp; &nbsp; &nbsp; &nbsp; &nbsp; &nbsp; &nbsp; &nbsp; &nbsp; &nbsp; &nbsp; &nbsp; &nbsp; &nbsp; &nbsp; &nbsp; &nbsp; &nbsp; &nbsp; &nbsp; &nbsp; &nbsp; &nbsp; &nbsp; &nbsp; &nbsp; tajemn\u00edk<\/p>\n\n\n\n<p><strong>P\u0159\u00edloha:<\/strong> <\/p>\n\n\n\n<div class=\"wp-block-file\"><a href=\"https:\/\/www.bububee.cz\/wp-content\/uploads\/2022\/01\/priloha-c-2-chybi-hlaseni-seznam-zamitnutych-pozadavku-konecnych-prijmecu.pdf\">priloha-c-2-chybi-hlaseni-seznam-zamitnutych-pozadavku-konecnych-prijmecu<\/a><a href=\"https:\/\/www.bububee.cz\/wp-content\/uploads\/2022\/01\/priloha-c-2-chybi-hlaseni-seznam-zamitnutych-pozadavku-konecnych-prijmecu.pdf\" class=\"wp-block-file__button\" download>St\u00e1hnout<\/a><\/div>\n\n\n\n<div class=\"wp-block-file\"><a href=\"https:\/\/www.bububee.cz\/wp-content\/uploads\/2022\/01\/priloha-c-3-zrusena-registrace-seznam-zamitnutych-pozadavku-konecnych-prijmecu_zrusena-registrace.pdf\">priloha-c-3-zrusena-registrace-seznam-zamitnutych-pozadavku-konecnych-prijmecu_zrusena-registrace<\/a><a href=\"https:\/\/www.bububee.cz\/wp-content\/uploads\/2022\/01\/priloha-c-3-zrusena-registrace-seznam-zamitnutych-pozadavku-konecnych-prijmecu_zrusena-registrace.pdf\" class=\"wp-block-file__button\" download>St\u00e1hnout<\/a><\/div>\n\n\n\n<div class=\"wp-block-file\"><a href=\"https:\/\/www.bububee.cz\/wp-content\/uploads\/2022\/01\/priloha-c-4-rozdil-v-poctu-vcelstev-v-ue-seznam-zamitnutych-pozadavku-konecnych-prijmecu_izr-mene-vcelstev.pdf\">priloha-c-4-rozdil-v-poctu-vcelstev-v-ue-seznam-zamitnutych-pozadavku-konecnych-prijmecu_izr-mene-vcelstev<\/a><a href=\"https:\/\/www.bububee.cz\/wp-content\/uploads\/2022\/01\/priloha-c-4-rozdil-v-poctu-vcelstev-v-ue-seznam-zamitnutych-pozadavku-konecnych-prijmecu_izr-mene-vcelstev.pdf\" class=\"wp-block-file__button\" download>St\u00e1hnout<\/a><\/div>\n","protected":false},"excerpt":{"rendered":"<p>P\u0159\u00e1tel\u00e9 v\u010dela\u0159i, dostali jsme p\u0159ehled v\u010dela\u0159\u016f v&nbsp;\u010cR, kte\u0159\u00ed z&nbsp;n\u011bjak\u00e9ho d\u016fvodu maj\u00ed z\u00e1va\u017en\u00e9 nedostatky v&nbsp;pod\u00e1n\u00ed \u017e\u00e1dosti o dotaci 1.D ve vazb\u011b na hl\u00e1\u0161en\u00ed o po\u010dtu v\u010delstev, kter\u00e9 jste individu\u00e1ln\u011b pos\u00edlali na \u00fast\u0159edn\u00ed evidenci v\u010delstev k&nbsp;1.9.2021. Pros\u00edm zkontrolujte si tyto seznamy a p\u0159\u00edpadn\u011b podejte sami odvol\u00e1n\u00ed v&nbsp;p\u0159\u00edpad\u011b, \u017ee k&nbsp;tomu m\u00e1te d\u016fvod. Podle na\u0161\u00ed kontroly se asi jedn\u00e1 [&hellip;]<\/p>\n","protected":false},"author":81,"featured_media":0,"comment_status":"open","ping_status":"open","sticky":false,"template":"","format":"standard","meta":{"ngg_post_thumbnail":0,"footnotes":""},"categories":[1],"tags":[],"_links":{"self":[{"href":"https:\/\/www.bububee.cz\/index.php\/wp-json\/wp\/v2\/posts\/2472"}],"collection":[{"href":"https:\/\/www.bububee.cz\/index.php\/wp-json\/wp\/v2\/posts"}],"about":[{"href":"https:\/\/www.bububee.cz\/index.php\/wp-json\/wp\/v2\/types\/post"}],"author":[{"embeddable":true,"href":"https:\/\/www.bububee.cz\/index.php\/wp-json\/wp\/v2\/users\/81"}],"replies":[{"embeddable":true,"href":"https:\/\/www.bububee.cz\/index.php\/wp-json\/wp\/v2\/comments?post=2472"}],"version-history":[{"count":1,"href":"https:\/\/www.bububee.cz\/index.php\/wp-json\/wp\/v2\/posts\/2472\/revisions"}],"predecessor-version":[{"id":2476,"href":"https:\/\/www.bububee.cz\/index.php\/wp-json\/wp\/v2\/posts\/2472\/revisions\/2476"}],"wp:attachment":[{"href":"https:\/\/www.bububee.cz\/index.php\/wp-json\/wp\/v2\/media?parent=2472"}],"wp:term":[{"taxonomy":"category","embeddable":true,"href":"https:\/\/www.bububee.cz\/index.php\/wp-json\/wp\/v2\/categories?post=2472"},{"taxonomy":"post_tag","embeddable":true,"href":"https:\/\/www.bububee.cz\/index.php\/wp-json\/wp\/v2\/tags?post=2472"}],"curies":[{"name":"wp","href":"https:\/\/api.w.org\/{rel}","templated":true}]}}