{"id":2316,"date":"2021-10-20T09:58:37","date_gmt":"2021-10-20T08:58:37","guid":{"rendered":"http:\/\/www.bububee.cz\/?p=2316"},"modified":"2021-10-20T09:59:13","modified_gmt":"2021-10-20T08:59:13","slug":"podekovani-priteli-maurerovi","status":"publish","type":"post","link":"https:\/\/www.bububee.cz\/index.php\/2021\/10\/20\/podekovani-priteli-maurerovi\/","title":{"rendered":"Pod\u011bkov\u00e1n\u00ed p\u0159\u00edteli Maurerovi"},"content":{"rendered":"\n<p>V&nbsp;\u00fater\u00fd 19.10. jsme se s&nbsp;v\u010dela\u0159sk\u00fdm krou\u017ekem vypravili do Kru\u0161ovic za jedn\u00edm \u010dlenem na\u0161\u00ed z\u00e1kladn\u00ed organizace. P. Maurer n\u00e1m uk\u00e1zal svou dom\u00e1c\u00ed v\u00fdrobnu mezist\u011bn. V\u0161e n\u00e1m n\u00e1zorn\u011b p\u0159edvedl a ka\u017ed\u00fd v\u010dela\u0159\u00edk m\u011bl mo\u017enost p\u0159ilo\u017eit ruku k&nbsp;d\u00edlu\u2026.<\/p>\n\n\n\n<p>T\u00edmto panu v\u010dela\u0159i moc d\u011bkujeme! Bylo to pro n\u00e1s velmi p\u0159\u00ednosn\u00e9! \u00a0<\/p>\n\n\n\n<figure class=\"wp-block-gallery columns-3 is-cropped wp-block-gallery-1 is-layout-flex wp-block-gallery-is-layout-flex\"><ul class=\"blocks-gallery-grid\"><li class=\"blocks-gallery-item\"><figure><img decoding=\"async\" loading=\"lazy\" width=\"768\" height=\"1024\" src=\"http:\/\/www.bububee.cz\/wp-content\/uploads\/2021\/10\/IMG_7887-768x1024.jpg\" alt=\"\" data-id=\"2312\" data-full-url=\"http:\/\/www.bububee.cz\/wp-content\/uploads\/2021\/10\/IMG_7887.jpg\" data-link=\"http:\/\/www.bububee.cz\/index.php\/skolni-rok-2021-2022\/img_7887\/\" class=\"wp-image-2312\" srcset=\"https:\/\/www.bububee.cz\/wp-content\/uploads\/2021\/10\/IMG_7887-768x1024.jpg 768w, https:\/\/www.bububee.cz\/wp-content\/uploads\/2021\/10\/IMG_7887-225x300.jpg 225w, https:\/\/www.bububee.cz\/wp-content\/uploads\/2021\/10\/IMG_7887-1152x1536.jpg 1152w, https:\/\/www.bububee.cz\/wp-content\/uploads\/2021\/10\/IMG_7887-676x901.jpg 676w, https:\/\/www.bububee.cz\/wp-content\/uploads\/2021\/10\/IMG_7887.jpg 1200w\" sizes=\"(max-width: 768px) 100vw, 768px\" \/><\/figure><\/li><li class=\"blocks-gallery-item\"><figure><img decoding=\"async\" loading=\"lazy\" width=\"1024\" height=\"768\" src=\"http:\/\/www.bububee.cz\/wp-content\/uploads\/2021\/10\/IMG_7880-1024x768.jpg\" alt=\"\" data-id=\"2311\" data-full-url=\"http:\/\/www.bububee.cz\/wp-content\/uploads\/2021\/10\/IMG_7880.jpg\" data-link=\"http:\/\/www.bububee.cz\/index.php\/skolni-rok-2021-2022\/img_7880\/\" class=\"wp-image-2311\" srcset=\"https:\/\/www.bububee.cz\/wp-content\/uploads\/2021\/10\/IMG_7880-1024x768.jpg 1024w, https:\/\/www.bububee.cz\/wp-content\/uploads\/2021\/10\/IMG_7880-300x225.jpg 300w, https:\/\/www.bububee.cz\/wp-content\/uploads\/2021\/10\/IMG_7880-768x576.jpg 768w, https:\/\/www.bububee.cz\/wp-content\/uploads\/2021\/10\/IMG_7880-1536x1152.jpg 1536w, https:\/\/www.bububee.cz\/wp-content\/uploads\/2021\/10\/IMG_7880-676x507.jpg 676w, https:\/\/www.bububee.cz\/wp-content\/uploads\/2021\/10\/IMG_7880.jpg 1600w\" sizes=\"(max-width: 1024px) 100vw, 1024px\" \/><\/figure><\/li><li class=\"blocks-gallery-item\"><figure><img decoding=\"async\" loading=\"lazy\" width=\"533\" height=\"400\" src=\"http:\/\/www.bububee.cz\/wp-content\/uploads\/2021\/10\/IMG_7852.jpg\" alt=\"\" data-id=\"2310\" data-full-url=\"http:\/\/www.bububee.cz\/wp-content\/uploads\/2021\/10\/IMG_7852.jpg\" data-link=\"http:\/\/www.bububee.cz\/index.php\/skolni-rok-2021-2022\/img_7852\/\" class=\"wp-image-2310\" srcset=\"https:\/\/www.bububee.cz\/wp-content\/uploads\/2021\/10\/IMG_7852.jpg 533w, https:\/\/www.bububee.cz\/wp-content\/uploads\/2021\/10\/IMG_7852-300x225.jpg 300w\" sizes=\"(max-width: 533px) 100vw, 533px\" \/><\/figure><\/li><\/ul><\/figure>\n\n\n\n<p>Fotografie z exkurze najdete na na\u0161em raj\u010deti : <a rel=\"noreferrer noopener\" href=\"https:\/\/vcelarskykrouzekns.rajce.idnes.cz\/Exkurze_-_vyroba_mezisten\/\" target=\"_blank\">ZDE<\/a><\/p>\n\n\n\n<p>Vedouc\u00ed VKM M. Kubi\u010dkov\u00e1<\/p>\n","protected":false},"excerpt":{"rendered":"<p>V&nbsp;\u00fater\u00fd 19.10. jsme se s&nbsp;v\u010dela\u0159sk\u00fdm krou\u017ekem vypravili do Kru\u0161ovic za jedn\u00edm \u010dlenem na\u0161\u00ed z\u00e1kladn\u00ed organizace. P. Maurer n\u00e1m uk\u00e1zal svou dom\u00e1c\u00ed v\u00fdrobnu mezist\u011bn. V\u0161e n\u00e1m n\u00e1zorn\u011b p\u0159edvedl a ka\u017ed\u00fd v\u010dela\u0159\u00edk m\u011bl mo\u017enost p\u0159ilo\u017eit ruku k&nbsp;d\u00edlu\u2026. T\u00edmto panu v\u010dela\u0159i moc d\u011bkujeme! Bylo to pro n\u00e1s velmi p\u0159\u00ednosn\u00e9! \u00a0 Fotografie z exkurze najdete na na\u0161em raj\u010deti : [&hellip;]<\/p>\n","protected":false},"author":81,"featured_media":0,"comment_status":"open","ping_status":"open","sticky":false,"template":"","format":"standard","meta":{"ngg_post_thumbnail":0,"footnotes":""},"categories":[1],"tags":[],"_links":{"self":[{"href":"https:\/\/www.bububee.cz\/index.php\/wp-json\/wp\/v2\/posts\/2316"}],"collection":[{"href":"https:\/\/www.bububee.cz\/index.php\/wp-json\/wp\/v2\/posts"}],"about":[{"href":"https:\/\/www.bububee.cz\/index.php\/wp-json\/wp\/v2\/types\/post"}],"author":[{"embeddable":true,"href":"https:\/\/www.bububee.cz\/index.php\/wp-json\/wp\/v2\/users\/81"}],"replies":[{"embeddable":true,"href":"https:\/\/www.bububee.cz\/index.php\/wp-json\/wp\/v2\/comments?post=2316"}],"version-history":[{"count":2,"href":"https:\/\/www.bububee.cz\/index.php\/wp-json\/wp\/v2\/posts\/2316\/revisions"}],"predecessor-version":[{"id":2318,"href":"https:\/\/www.bububee.cz\/index.php\/wp-json\/wp\/v2\/posts\/2316\/revisions\/2318"}],"wp:attachment":[{"href":"https:\/\/www.bububee.cz\/index.php\/wp-json\/wp\/v2\/media?parent=2316"}],"wp:term":[{"taxonomy":"category","embeddable":true,"href":"https:\/\/www.bububee.cz\/index.php\/wp-json\/wp\/v2\/categories?post=2316"},{"taxonomy":"post_tag","embeddable":true,"href":"https:\/\/www.bububee.cz\/index.php\/wp-json\/wp\/v2\/tags?post=2316"}],"curies":[{"name":"wp","href":"https:\/\/api.w.org\/{rel}","templated":true}]}}