{"id":1208,"date":"2020-03-02T18:03:45","date_gmt":"2020-03-02T17:03:45","guid":{"rendered":"http:\/\/www.bububee.cz\/?p=1208"},"modified":"2020-06-05T13:46:46","modified_gmt":"2020-06-05T12:46:46","slug":"zprava-o-clenske-vyrocni-schuzi-uverejnena-v-breznovem-vydani-novostraseckeho-mesicniku","status":"publish","type":"post","link":"https:\/\/www.bububee.cz\/index.php\/2020\/03\/02\/zprava-o-clenske-vyrocni-schuzi-uverejnena-v-breznovem-vydani-novostraseckeho-mesicniku\/","title":{"rendered":"Zpr\u00e1va o \u010cSV, uve\u0159ejn\u011bn\u00e1 v Novostra\u0161eck\u00e9m m\u011bs\u00ed\u010dn\u00edku"},"content":{"rendered":"<div id=\"sidebarContainer\">\n<div id=\"toolbarSidebar\">&nbsp;<\/div>\n<\/div>\n<div id=\"viewerContainer\" tabindex=\"0\">\n<div id=\"viewer\" class=\"pdfViewer\">\n<div class=\"page\" data-page-number=\"1\" data-loaded=\"true\">\n<div class=\"canvasWrapper\">Novostra\u0161e\u010dt\u00ed v\u010dela\u0159i hodnotili a pl\u00e1novali.Vsobotu 8. \u00fanora se se\u0161li stra\u0161e\u010dt\u00ed v\u010dela\u0159ina sv\u00e9 v\u00fdro\u010dn\u00ed \u010dlensk\u00e9 sch\u016fzi ji\u017e tradi\u010dn\u011b vrestauraci Sport vNov\u00e9m Stra\u0161ec\u00ed. Bylo co hodnotit. V\u017edy\u0165 vroce 2019 jejich \u010dinnost byla op\u011bt bohat\u00e1. Cel\u00fd rok pe\u010dovali o zdrav\u00ed sv\u00fdch v\u010del, co\u017e bylo n\u00e1ro\u010dn\u00e9, proto\u017ee st\u00e1le je\u0161t\u011b t\u00e9m\u011b\u0159 cel\u00e9 jejich \u00fazem\u00ed le\u017e\u00ed vochrann\u00e9m p\u00e1smu vd\u016fsledku d\u0159\u00edv\u011bj\u0161\u00edho v\u00fdskytu ohnisek moru v\u010del\u00edho plodu. To vy\u017eaduje zvl\u00e1\u0161tn\u00ed re\u017eim p\u0159i v\u010dela\u0159en\u00ed a d\u016fsledn\u00e9 dodr\u017eovan\u00edl\u00e9\u010debn\u00fdch postup\u016f. Bohat\u00e1 byla ale i osv\u011btov\u00e1 \u010dinnost. Uspo\u0159\u00e1dali jsme tradi\u010dn\u00ed v\u010dela\u0159skou v\u00fdstavu vr\u00e1mci Novostra\u0161eck\u00e9ho posv\u00edcen\u00ed, tematickyzam\u011b\u0159enou na v\u010del\u00ed vosk, jeho v\u00fdznam pro v\u010dely a pro \u010dlov\u011bka. Ve spolku pracuj\u00ed dva v\u010dela\u0159sk\u00e9 krou\u017eky ml\u00e1de\u017ee, kter\u00e9 se p\u0159edev\u0161\u00edm staraj\u00ed o sv\u00e1 t\u0159ivlastn\u00ed v\u010delstva. Vroce 2019 znich z\u00edskaly sv\u016fj prvn\u00ed med. \u0160est d\u011bt\u00ed ze z\u00fa\u010dastnilo oblastn\u00edho kola sout\u011b\u017ee Zlat\u00e1 v\u010dela, co\u017e je sout\u011b\u017e pro d\u011bti ze St\u0159edo\u010desk\u00e9ho kraje a zPrahy. V\u0161ech \u0161est d\u011bt\u00edse um\u00edstilo vprvn\u00ed polovin\u011b startovn\u00ed listiny. D\u011bti se se sv\u00fdmi v\u00fdrobky a prodejem vlastn\u00edhomeduz\u00fa\u010dastnily mnoha akc\u00ed, po\u0159\u00e1dan\u00fdch M\u011bstem, jako nap\u0159\u00edklad Slavnosti v\u00edna, rozsv\u00edcen\u00ed v\u00e1no\u010dn\u00edho stromku a podzimn\u00edch adventn\u00edch akc\u00ed. Dosp\u011bl\u00ed v\u010dela\u0159i se z\u00fa\u010dastnili nau\u010dn\u00e9ho z\u00e1jezdu do v\u010dela\u0159sk\u00e9ho st\u0159ediska vNasavrk\u00e1ch.Na programubyla prohl\u00eddka m\u00edstn\u00edho arboreta sv\u00fdkladem, prohl\u00eddka historick\u00fdch a vsou\u010dasn\u00e9 dob\u011b vyr\u00e1b\u011bn\u00fdch \u00fal\u016f, prohl\u00eddka modern\u00ed velkokapacitn\u00ed linky na z\u00edsk\u00e1v\u00e1n\u00ed medu a vosku a n\u00e1v\u0161t\u011bva m\u00edstn\u00ed v\u010delnice suk\u00e1zkou chovu v\u010del\u00edch matek. Ji\u017e tradi\u010dn\u011b ke konci roku spolek uspo\u0159\u00e1dal p\u0159\u00e1telsk\u00e9 posezen\u00ed v\u0161ech v\u010dela\u0159\u016f a p\u0159\u00e1tel p\u0159\u00edrody pod n\u00e1zvem Domedn\u00e1 2019 smuzikou a dobrou n\u00e1ladou. Vsou\u010dasn\u00e9 dob\u011b je ve v\u010dela\u0159sk\u00e9m spolku organizov\u00e1no 93 v\u010dela\u0159\u016f s698v\u010delstvy. Rok 2020 se chceme op\u011bt v\u011bnovat p\u0159edev\u0161\u00edm p\u00e9\u010di o na\u0161e v\u010dely a roz\u0161\u00ed\u0159it n\u011bkter\u00e9 na\u0161e spole\u010densk\u00e9 aktivity. Pro d\u011bti zna\u0161eho krou\u017eku uspo\u0159\u00e1d\u00e1me z\u00e1jezd do v\u010dela\u0159sk\u00e9ho st\u0159ediska vKo\u017elanech. D\u00e1le d\u011bti ve vlastn\u00ed re\u017eii vystoup\u00ed na t\u0159ech m\u00edstech vna\u0161\u00ed oblasti\u2013Ruda, Nov\u00e9 Stra\u0161ec\u00ed a \u0158evni\u010dov, kde d\u011bti zv\u010dela\u0159sk\u00e9ho krou\u017eku budou ostatn\u00edm m\u00edstn\u00edm d\u011btem pov\u00eddat o v\u010del\u00e1ch a v\u010dela\u0159en\u00ed, suk\u00e1zkami v\u010dela\u0159sk\u00fdch pot\u0159eb a sout\u011b\u017eemi. Ji\u017e tradi\u010dn\u00ed Domednou 2020 chceme roz\u0161\u00ed\u0159it o odpoledn\u00ed \u010d\u00e1st, kter\u00e1 bude ur\u010dena pro d\u011bti s rodi\u010di a jejich kamar\u00e1dy. Pro dosp\u011bl\u00e9 chceme vzimn\u00edch m\u011bs\u00edc\u00edch op\u011bt po\u0159\u00e1dat besedy v\u010dela\u0159\u016f a to ne jen pro na\u0161e za\u010d\u00ednaj\u00edc\u00ed v\u010dela\u0159e, ale i pro ty, kte\u0159\u00ed by cht\u011bli za\u010d\u00edt v\u010dela\u0159it, ale nejsou na\u0161imi \u010dleny spolku a nemaj\u00ed se sk\u00fdm poradit. Za\u010dneme vlistopadu, zah\u00e1jen\u00ed besed budeme inzerovat vNovostra\u0161eck\u00e9m zpravodaji. To v\u0161e by nebylo mo\u017en\u00e9 bez dobr\u00e9hovybaven\u00ed na\u0161eho spolkov\u00e9ho st\u0159ediska na Fortn\u011b vNov\u00e9m Stra\u0161ec\u00ed. Od Krajsk\u00e9ho \u00fa\u0159adu St\u0159edo\u010desk\u00e9ho kraje jsme vroce 2019 z\u00edskali finan\u010dn\u00ed prost\u0159edky na za\u0159\u00edzen\u00ed na zpracov\u00e1n\u00ed v\u010del\u00edho vosku. Jako ka\u017ed\u00fd rok jsme z\u00edskali od M\u011bsta Nov\u00e9 Stra\u0161ec\u00ed grant, kter\u00fd byl vyu\u017eit na vybaven\u00ed truhl\u00e1\u0159sk\u00e9 d\u00edlny. V\u00fdznamn\u011b p\u0159isp\u011bly i m\u00edstn\u00ed podnikatel\u00e9, \u010cesk\u00e9 lupkov\u00e9 z\u00e1vody a.s. a Hamiro a.s. Na na\u0161\u00ed v\u00fdro\u010dn\u00ed \u010dlensk\u00e9 sch\u016fzi byli i vz\u00e1cn\u00ed host\u00e9. Starosta M\u011bsta Nov\u00e9 Stra\u0161ec\u00ed Mgr. Karel Filip, kter\u00fd ve sv\u00e9m vystoupen\u00ed potvrdil, \u017ee vleto\u0161n\u00edm roce za\u010dne p\u0159\u00edstavba na\u0161eho st\u0159ediska na Fortn\u011b,\u010d\u00edm\u017e z\u00edsk\u00e1me pot\u0159ebn\u00e9 prostory pro technologii pro zpracov\u00e1n\u00ed medu a v\u010del\u00edho vosku. To bude zna\u010dn\u00fd p\u0159\u00ednos pro v\u010dela\u0159sk\u00fd krou\u017eek ale ipro v\u0161echny za\u010d\u00ednaj\u00edc\u00ed v\u010dela\u0159e, kte\u0159\u00ed maj\u00ed mal\u00e9 mno\u017estv\u00ed \u00fal\u016f a tato technologie je pro n\u011b finan\u010dn\u011b n\u00e1ro\u010dn\u00e1.D\u00e1le na sch\u016fzi vystoupila p\u00ed. Pavl\u00edna Urbanov\u00e1, starostka obce Ruda, obce,kter\u00e1 je pravideln\u00fdm p\u0159isp\u011bvatelem na \u010dinnost na\u0161eho spolku.<\/div>\n<\/div>\n<\/div>\n<\/div>\n<div class=\"canvasWrapper\">&nbsp;<\/div>\n<p>Vz\u00e1v\u011bru sch\u016fze se zvolil nov\u00fd v\u00fdbor spolku, se dv\u011bma zm\u011bnami ve slo\u017een\u00ed v\u00fdboru. M\u00e1me velk\u00e9 pl\u00e1ny do roku 2020, ale ve veden\u00ed spolku jsou lid\u00e9, kte\u0159\u00ed to dok\u00e1\u017eou.<\/p>\n<p>JH<\/p>\n","protected":false},"excerpt":{"rendered":"<p>&nbsp; Novostra\u0161e\u010dt\u00ed v\u010dela\u0159i hodnotili a pl\u00e1novali.Vsobotu 8. \u00fanora se se\u0161li stra\u0161e\u010dt\u00ed v\u010dela\u0159ina sv\u00e9 v\u00fdro\u010dn\u00ed \u010dlensk\u00e9 sch\u016fzi ji\u017e tradi\u010dn\u011b vrestauraci Sport vNov\u00e9m Stra\u0161ec\u00ed. Bylo co hodnotit. V\u017edy\u0165 vroce 2019 jejich \u010dinnost byla op\u011bt bohat\u00e1. Cel\u00fd rok pe\u010dovali o zdrav\u00ed sv\u00fdch v\u010del, co\u017e bylo n\u00e1ro\u010dn\u00e9, proto\u017ee st\u00e1le je\u0161t\u011b t\u00e9m\u011b\u0159 cel\u00e9 jejich \u00fazem\u00ed le\u017e\u00ed vochrann\u00e9m p\u00e1smu vd\u016fsledku d\u0159\u00edv\u011bj\u0161\u00edho [&hellip;]<\/p>\n","protected":false},"author":18,"featured_media":0,"comment_status":"open","ping_status":"open","sticky":false,"template":"","format":"standard","meta":{"ngg_post_thumbnail":0,"footnotes":""},"categories":[1],"tags":[],"_links":{"self":[{"href":"https:\/\/www.bububee.cz\/index.php\/wp-json\/wp\/v2\/posts\/1208"}],"collection":[{"href":"https:\/\/www.bububee.cz\/index.php\/wp-json\/wp\/v2\/posts"}],"about":[{"href":"https:\/\/www.bububee.cz\/index.php\/wp-json\/wp\/v2\/types\/post"}],"author":[{"embeddable":true,"href":"https:\/\/www.bububee.cz\/index.php\/wp-json\/wp\/v2\/users\/18"}],"replies":[{"embeddable":true,"href":"https:\/\/www.bububee.cz\/index.php\/wp-json\/wp\/v2\/comments?post=1208"}],"version-history":[{"count":5,"href":"https:\/\/www.bububee.cz\/index.php\/wp-json\/wp\/v2\/posts\/1208\/revisions"}],"predecessor-version":[{"id":1244,"href":"https:\/\/www.bububee.cz\/index.php\/wp-json\/wp\/v2\/posts\/1208\/revisions\/1244"}],"wp:attachment":[{"href":"https:\/\/www.bububee.cz\/index.php\/wp-json\/wp\/v2\/media?parent=1208"}],"wp:term":[{"taxonomy":"category","embeddable":true,"href":"https:\/\/www.bububee.cz\/index.php\/wp-json\/wp\/v2\/categories?post=1208"},{"taxonomy":"post_tag","embeddable":true,"href":"https:\/\/www.bububee.cz\/index.php\/wp-json\/wp\/v2\/tags?post=1208"}],"curies":[{"name":"wp","href":"https:\/\/api.w.org\/{rel}","templated":true}]}}