{"id":1203,"date":"2020-02-18T19:31:19","date_gmt":"2020-02-18T18:31:19","guid":{"rendered":"http:\/\/www.bububee.cz\/?p=1203"},"modified":"2020-06-17T11:56:47","modified_gmt":"2020-06-17T10:56:47","slug":"pozvanka-na-vcelarsky-workshop-pro-rodice-s-detmi","status":"publish","type":"post","link":"https:\/\/www.bububee.cz\/index.php\/2020\/02\/18\/pozvanka-na-vcelarsky-workshop-pro-rodice-s-detmi\/","title":{"rendered":"Pozv\u00e1nka na v\u010dela\u0159sk\u00fd workshop pro rodi\u010de s d\u011btmi"},"content":{"rendered":"<p>AKTUALIZACE &#8211; Z D\u016eVODU PANDEMIE KORONAVIDU BYLA AKCE ODLO\u017dENA NA DOBU NEUR\u010cITOU.<\/p>\n<p>V\u010dela\u0159\u00edci z Nov\u00e9ho Stra\u0161ec\u00ed si spole\u010dn\u011b s vedouc\u00edmi krou\u017eku p\u0159ipravili pro d\u011bti p\u0159ed\u0161koln\u00edho a \u0161koln\u00edho v\u011bku pracovn\u00ed workshop, kde V\u00e1s z\u00e1bavnou formou sezn\u00e1m\u00ed se \u017eivotem v \u00falu a s prac\u00ed v\u010dela\u0159e. Nab\u00eddneme mo\u017enost si vyzkou\u0161et pom\u016fcky nebo t\u0159eba vyr\u00e1b\u011bt sv\u00ed\u010dky. Ale nebudou chyb\u011bt ani sout\u011b\u017ee, malov\u00e1n\u00ed, vyr\u00e1b\u011bn\u00ed a nakonec i ochutn\u00e1v\u00e1n\u00ed medu a dobrot z n\u011bj.<\/p>\n<p>Akci po\u0159\u00e1d\u00e1me ve spolupr\u00e1ci s&nbsp;Obecn\u00ed knihovnou Ruda v&nbsp;jej\u00edch prostor\u00e1ch dne 17. b\u0159ezna od 16hodin.<\/p>\n<p><img decoding=\"async\" loading=\"lazy\" class=\"alignnone size-medium wp-image-1204\" src=\"http:\/\/www.bububee.cz\/wp-content\/uploads\/2020\/02\/Scan-2-300x212.jpg\" alt=\"\" width=\"300\" height=\"212\" srcset=\"https:\/\/www.bububee.cz\/wp-content\/uploads\/2020\/02\/Scan-2-300x212.jpg 300w, https:\/\/www.bububee.cz\/wp-content\/uploads\/2020\/02\/Scan-2-768x543.jpg 768w, https:\/\/www.bububee.cz\/wp-content\/uploads\/2020\/02\/Scan-2-676x478.jpg 676w, https:\/\/www.bububee.cz\/wp-content\/uploads\/2020\/02\/Scan-2.jpg 800w\" sizes=\"(max-width: 300px) 100vw, 300px\" \/><\/p>\n<p>P\u0159ij\u010fte, r\u00e1di V\u00e1s uvid\u00edme!<\/p>\n","protected":false},"excerpt":{"rendered":"<p>AKTUALIZACE &#8211; Z D\u016eVODU PANDEMIE KORONAVIDU BYLA AKCE ODLO\u017dENA NA DOBU NEUR\u010cITOU. V\u010dela\u0159\u00edci z Nov\u00e9ho Stra\u0161ec\u00ed si spole\u010dn\u011b s vedouc\u00edmi krou\u017eku p\u0159ipravili pro d\u011bti p\u0159ed\u0161koln\u00edho a \u0161koln\u00edho v\u011bku pracovn\u00ed workshop, kde V\u00e1s z\u00e1bavnou formou sezn\u00e1m\u00ed se \u017eivotem v \u00falu a s prac\u00ed v\u010dela\u0159e. Nab\u00eddneme mo\u017enost si vyzkou\u0161et pom\u016fcky nebo t\u0159eba vyr\u00e1b\u011bt sv\u00ed\u010dky. Ale nebudou chyb\u011bt [&hellip;]<\/p>\n","protected":false},"author":18,"featured_media":0,"comment_status":"open","ping_status":"open","sticky":false,"template":"","format":"standard","meta":{"ngg_post_thumbnail":0,"footnotes":""},"categories":[8,3],"tags":[],"_links":{"self":[{"href":"https:\/\/www.bububee.cz\/index.php\/wp-json\/wp\/v2\/posts\/1203"}],"collection":[{"href":"https:\/\/www.bububee.cz\/index.php\/wp-json\/wp\/v2\/posts"}],"about":[{"href":"https:\/\/www.bububee.cz\/index.php\/wp-json\/wp\/v2\/types\/post"}],"author":[{"embeddable":true,"href":"https:\/\/www.bububee.cz\/index.php\/wp-json\/wp\/v2\/users\/18"}],"replies":[{"embeddable":true,"href":"https:\/\/www.bububee.cz\/index.php\/wp-json\/wp\/v2\/comments?post=1203"}],"version-history":[{"count":3,"href":"https:\/\/www.bububee.cz\/index.php\/wp-json\/wp\/v2\/posts\/1203\/revisions"}],"predecessor-version":[{"id":1456,"href":"https:\/\/www.bububee.cz\/index.php\/wp-json\/wp\/v2\/posts\/1203\/revisions\/1456"}],"wp:attachment":[{"href":"https:\/\/www.bububee.cz\/index.php\/wp-json\/wp\/v2\/media?parent=1203"}],"wp:term":[{"taxonomy":"category","embeddable":true,"href":"https:\/\/www.bububee.cz\/index.php\/wp-json\/wp\/v2\/categories?post=1203"},{"taxonomy":"post_tag","embeddable":true,"href":"https:\/\/www.bububee.cz\/index.php\/wp-json\/wp\/v2\/tags?post=1203"}],"curies":[{"name":"wp","href":"https:\/\/api.w.org\/{rel}","templated":true}]}}