{"id":1049,"date":"2018-11-04T21:31:42","date_gmt":"2018-11-04T20:31:42","guid":{"rendered":"http:\/\/www.bububee.cz\/?p=1049"},"modified":"2018-11-04T21:31:42","modified_gmt":"2018-11-04T20:31:42","slug":"schuze-vyboru-dne-6-11-2018","status":"publish","type":"post","link":"https:\/\/www.bububee.cz\/index.php\/2018\/11\/04\/schuze-vyboru-dne-6-11-2018\/","title":{"rendered":"Sch\u016fze v\u00fdboru dne 6. 11. 2018"},"content":{"rendered":"<p><strong>Pozv\u00e1nka&nbsp;<\/strong><strong>na sch\u016fzi v\u00fdboru ZO \u010cSV, z.s. v&nbsp;Nov\u00e9m Stra\u0161ec\u00ed dne 6.11.2018 <\/strong><\/p>\n<p><strong>v&nbsp;18.00 hodin <\/strong><strong>v&nbsp;klubovn\u011b ZO \u010cSV v&nbsp;ulici Fortna.<\/strong><\/p>\n<p><strong>&nbsp;<\/strong>Program:<\/p>\n<ul>\n<li>Kontrola z\u00e1pisu z&nbsp;minul\u00e9 sch\u016fze v\u00fdboru \u2013 p\u0159edseda<\/li>\n<li>Kontrola pln\u011bn\u00ed \u00fakol\u016f z&nbsp;minul\u00e9 sch\u016fze v\u00fdboru &#8211; p\u0159edseda<\/li>\n<li>Stav podzimn\u00edho l\u00e9\u010den\u00ed v\u010delstev, pr\u016fb\u011b\u017en\u00e9 v\u00fdsledky, MVP \u2013 zdravotn\u00edk<\/li>\n<li>Stav kontrol u vybran\u00fdch v\u010dela\u0159\u016f k&nbsp;ov\u011b\u0159en\u00ed opr\u00e1vn\u011bnosti \u010derp\u00e1n\u00ed dotace 1.D \u2013 p\u0159edseda a zdravotn\u00edk<\/li>\n<li>Sezn\u00e1men\u00ed s&nbsp;vyhodnocen\u00edm dotace pro VKM od K\u00da 2018, p\u0159ed jej\u00edm odesl\u00e1n\u00edm na K\u00da \u2013 p\u0159edseda<\/li>\n<li>Zah\u00e1jen\u00ed zimn\u00edch besed v\u010dela\u0159\u016f v&nbsp;na\u0161em st\u0159edisku dne 13.11. (\u00fater\u00fd), zaji\u0161t\u011bn\u00ed besed a program \u2013 p\u0159edseda a zdravotn\u00edk<\/li>\n<li>Informace o pr\u00e1ci VKM a stav rekonstrukce budovy na Fortn\u011b \u2013 p\u0159edseda a jednatel<\/li>\n<li>Organizace ro\u010dn\u00edho finan\u010dn\u00edho vy\u00fa\u010dtov\u00e1n\u00ed se v\u010dela\u0159i spolku a s&nbsp;t\u00edm spojen\u00e1 v\u00fdplata dotace 1.D a dotace za aerosol 2017 \u2013 p\u0159edseda a jednatel<\/li>\n<li>Zaji\u0161t\u011bn\u00ed spole\u010densk\u00e9 akce \u201eDomedn\u00e1 2018\u201c &#8211; jednatel<\/li>\n<li>Finan\u010dn\u00ed stav spolku \u2013 p\u0159edseda<\/li>\n<li>Organiza\u010dn\u00ed z\u00e1le\u017eitosti<\/li>\n<li>zm\u011bna s\u00eddla spolku v&nbsp;registra\u010dn\u00edm listu<\/li>\n<li>prodej medu na Fortn\u011b<\/li>\n<li>p\u0159\u00edprava na V\u010cS 2018, zm\u011bny ve slo\u017een\u00ed v\u00fdboru spolku<\/li>\n<\/ul>\n<p>Vzhledem k&nbsp;pr\u016fb\u011b\u017en\u00e9mu hodnocen\u00ed podzimn\u00edho l\u00e9\u010den\u00ed v\u010delstev v&nbsp;na\u0161em regionu, na t\u00e9to sch\u016fzi, je <strong>\u00fa\u010dast d\u016fv\u011brn\u00edk\u016f vhodn\u00e1.<\/strong><\/p>\n<p>&nbsp;&nbsp;&nbsp;&nbsp;&nbsp;&nbsp;&nbsp;&nbsp;&nbsp;&nbsp;&nbsp;&nbsp;&nbsp;&nbsp;&nbsp;&nbsp;&nbsp;&nbsp;&nbsp;&nbsp;&nbsp;&nbsp;&nbsp;&nbsp;&nbsp;&nbsp;&nbsp;&nbsp;&nbsp;&nbsp;&nbsp;&nbsp;&nbsp;&nbsp;&nbsp;&nbsp;&nbsp;&nbsp;&nbsp;&nbsp;&nbsp;&nbsp;&nbsp;&nbsp;&nbsp;&nbsp;&nbsp;&nbsp;&nbsp;&nbsp;&nbsp;&nbsp;&nbsp;&nbsp;&nbsp;&nbsp;&nbsp;&nbsp;&nbsp;&nbsp;&nbsp;&nbsp;&nbsp;&nbsp;&nbsp;&nbsp;&nbsp;&nbsp;&nbsp;&nbsp;&nbsp;&nbsp;&nbsp;&nbsp;&nbsp;&nbsp;&nbsp;&nbsp;&nbsp;&nbsp;&nbsp;&nbsp;&nbsp;&nbsp;&nbsp;&nbsp;&nbsp;&nbsp;&nbsp;&nbsp;&nbsp;&nbsp;&nbsp;&nbsp;&nbsp;&nbsp;&nbsp;&nbsp;&nbsp;&nbsp;&nbsp;&nbsp;&nbsp;&nbsp;&nbsp;&nbsp;&nbsp;&nbsp;<\/p>\n<p style=\"text-align: right;\">&nbsp;&nbsp;&nbsp;&nbsp;&nbsp;&nbsp;&nbsp;&nbsp;&nbsp;&nbsp;&nbsp;&nbsp;&nbsp;&nbsp;&nbsp;&nbsp;&nbsp;&nbsp;&nbsp;&nbsp;&nbsp;&nbsp;&nbsp;&nbsp;&nbsp;&nbsp;&nbsp;&nbsp;&nbsp;&nbsp;&nbsp;&nbsp;&nbsp;&nbsp;&nbsp;&nbsp;&nbsp;&nbsp;&nbsp;&nbsp;&nbsp;&nbsp;&nbsp;&nbsp;&nbsp;&nbsp;&nbsp;&nbsp;&nbsp;&nbsp;&nbsp;&nbsp;&nbsp;&nbsp;&nbsp;&nbsp;&nbsp;&nbsp;&nbsp;&nbsp;&nbsp;&nbsp;&nbsp;&nbsp;&nbsp;&nbsp;&nbsp;&nbsp;&nbsp;&nbsp;&nbsp;&nbsp;&nbsp;&nbsp;&nbsp;&nbsp;&nbsp;&nbsp;&nbsp;&nbsp;&nbsp;&nbsp;&nbsp;&nbsp;&nbsp;&nbsp;&nbsp;&nbsp;&nbsp;&nbsp;&nbsp;&nbsp;&nbsp;&nbsp;&nbsp;&nbsp;&nbsp;&nbsp; &nbsp;Ji\u0159\u00ed Hubka \u2013 p\u0159edseda spolku<\/p>\n","protected":false},"excerpt":{"rendered":"<p>Pozv\u00e1nka&nbsp;na sch\u016fzi v\u00fdboru ZO \u010cSV, z.s. v&nbsp;Nov\u00e9m Stra\u0161ec\u00ed dne 6.11.2018 v&nbsp;18.00 hodin v&nbsp;klubovn\u011b ZO \u010cSV v&nbsp;ulici Fortna. &nbsp;Program: Kontrola z\u00e1pisu z&nbsp;minul\u00e9 sch\u016fze v\u00fdboru \u2013 p\u0159edseda Kontrola pln\u011bn\u00ed \u00fakol\u016f z&nbsp;minul\u00e9 sch\u016fze v\u00fdboru &#8211; p\u0159edseda Stav podzimn\u00edho l\u00e9\u010den\u00ed v\u010delstev, pr\u016fb\u011b\u017en\u00e9 v\u00fdsledky, MVP \u2013 zdravotn\u00edk Stav kontrol u vybran\u00fdch v\u010dela\u0159\u016f k&nbsp;ov\u011b\u0159en\u00ed opr\u00e1vn\u011bnosti \u010derp\u00e1n\u00ed dotace 1.D \u2013 p\u0159edseda a [&hellip;]<\/p>\n","protected":false},"author":1,"featured_media":0,"comment_status":"open","ping_status":"open","sticky":false,"template":"","format":"standard","meta":{"ngg_post_thumbnail":0,"footnotes":""},"categories":[4],"tags":[],"_links":{"self":[{"href":"https:\/\/www.bububee.cz\/index.php\/wp-json\/wp\/v2\/posts\/1049"}],"collection":[{"href":"https:\/\/www.bububee.cz\/index.php\/wp-json\/wp\/v2\/posts"}],"about":[{"href":"https:\/\/www.bububee.cz\/index.php\/wp-json\/wp\/v2\/types\/post"}],"author":[{"embeddable":true,"href":"https:\/\/www.bububee.cz\/index.php\/wp-json\/wp\/v2\/users\/1"}],"replies":[{"embeddable":true,"href":"https:\/\/www.bububee.cz\/index.php\/wp-json\/wp\/v2\/comments?post=1049"}],"version-history":[{"count":1,"href":"https:\/\/www.bububee.cz\/index.php\/wp-json\/wp\/v2\/posts\/1049\/revisions"}],"predecessor-version":[{"id":1050,"href":"https:\/\/www.bububee.cz\/index.php\/wp-json\/wp\/v2\/posts\/1049\/revisions\/1050"}],"wp:attachment":[{"href":"https:\/\/www.bububee.cz\/index.php\/wp-json\/wp\/v2\/media?parent=1049"}],"wp:term":[{"taxonomy":"category","embeddable":true,"href":"https:\/\/www.bububee.cz\/index.php\/wp-json\/wp\/v2\/categories?post=1049"},{"taxonomy":"post_tag","embeddable":true,"href":"https:\/\/www.bububee.cz\/index.php\/wp-json\/wp\/v2\/tags?post=1049"}],"curies":[{"name":"wp","href":"https:\/\/api.w.org\/{rel}","templated":true}]}}