{"id":1047,"date":"2018-11-04T21:25:12","date_gmt":"2018-11-04T20:25:12","guid":{"rendered":"http:\/\/www.bububee.cz\/?p=1047"},"modified":"2018-11-04T21:25:12","modified_gmt":"2018-11-04T20:25:12","slug":"besedy-vcelaru-2018","status":"publish","type":"post","link":"https:\/\/www.bububee.cz\/index.php\/2018\/11\/04\/besedy-vcelaru-2018\/","title":{"rendered":"Besedy v\u010dela\u0159\u016f 2018"},"content":{"rendered":"<p>Tak jako v&nbsp;lo\u0148sk\u00e9m roce bude n\u00e1\u0161 v\u010dela\u0159sk\u00fd spolek po\u0159\u00e1dat v&nbsp;zim\u011b 2018\/2019 besedy v\u010dela\u0159\u016f. V&nbsp;leto\u0161n\u00edm roce bude t\u00e9matem besed \u201ePr\u00e1ce v\u010dela\u0159e po cel\u00fd v\u010dela\u0159sk\u00fd rok\u201c. Besedy budou postupn\u011b prob\u00edrat jednotliv\u00e1 obdob\u00ed v\u010dela\u0159sk\u00e9ho roku a to za pomoci prezentac\u00ed a prom\u00edt\u00e1n\u00ed metodick\u00fdch materi\u00e1l\u016f a volnou besedou. Akce je ur\u010dena v\u0161em v\u010dela\u0159\u016fm spolku, ale i jin\u00fdm z\u00e1jemc\u016fm o v\u010dela\u0159en\u00ed (rodinn\u00ed p\u0159\u00edslu\u0161n\u00edci v\u00edt\u00e1ni).<\/p>\n<p>Besedy budou v\u017edy v&nbsp;\u00fater\u00fd, dvakr\u00e1t m\u011bs\u00ed\u010dn\u011b, ale v\u017edy po dohod\u011b \u00fa\u010dastn\u00edk\u016f besedy o p\u0159\u00ed\u0161t\u00edm term\u00ednu besedy. Za\u010d\u00e1tky budou v&nbsp;18 hodin v&nbsp;na\u0161em v\u010dela\u0159sk\u00e9m st\u0159edisku v&nbsp;Nov\u00e9m Stra\u0161ec\u00ed, Na Fortn\u011b 117\/4. Besedy bude moderovat n\u00e1\u0161 zdravotn\u00edk Mgr. Miroslav Hall\u00f3, \u010dlen republikov\u00e9ho v\u00fdboru \u010cSV, jednatel OO \u010cSV Rakovn\u00edk a zku\u0161en\u00fd dlouhodob\u00fd v\u010dela\u0159 a absolvent v\u010dela\u0159sk\u00e9ho u\u010dili\u0161t\u011b v&nbsp;Nasavrk\u00e1ch. Poplatek za jednu besedu bude op\u011bt 100,- K\u010d a to na \u00fahradu topen\u00ed, ob\u010derstven\u00ed a cestovn\u00e9ho lektora. Eventu\u00e1ln\u00ed finan\u010dn\u00ed p\u0159ebytek p\u016fjde na \u010dinnost v\u010dela\u0159sk\u00fdch krou\u017ek\u016f ml\u00e1de\u017ee.<\/p>\n<p>Prvn\u00ed beseda bude dne <strong>13.11.2018<\/strong> v&nbsp;na\u0161em st\u0159edisku, t\u011b\u0161\u00edme se na setk\u00e1n\u00ed s&nbsp;v\u00e1mi.<\/p>\n<p>&nbsp;<\/p>\n<p style=\"text-align: right;\">&nbsp;&nbsp;&nbsp;&nbsp;&nbsp;&nbsp;&nbsp;&nbsp;&nbsp;&nbsp;&nbsp;&nbsp;&nbsp;&nbsp;&nbsp;&nbsp;&nbsp;&nbsp;&nbsp;&nbsp;&nbsp;&nbsp;&nbsp;&nbsp;&nbsp;&nbsp;&nbsp;&nbsp;&nbsp;&nbsp;&nbsp;&nbsp;&nbsp;&nbsp;&nbsp;&nbsp;&nbsp;&nbsp;&nbsp;&nbsp;&nbsp;&nbsp;&nbsp;&nbsp;&nbsp;&nbsp;&nbsp;&nbsp;&nbsp;&nbsp;&nbsp;&nbsp;&nbsp;&nbsp;&nbsp;&nbsp;&nbsp;&nbsp;&nbsp;&nbsp;&nbsp;&nbsp;&nbsp;&nbsp;&nbsp;&nbsp;&nbsp;&nbsp;&nbsp;&nbsp;&nbsp;&nbsp;&nbsp;&nbsp;&nbsp;&nbsp;&nbsp;&nbsp;&nbsp;&nbsp;&nbsp;&nbsp;&nbsp;&nbsp;&nbsp;&nbsp;&nbsp;&nbsp;&nbsp;&nbsp;&nbsp;&nbsp;&nbsp;&nbsp;&nbsp;&nbsp;&nbsp;&nbsp;&nbsp;&nbsp;&nbsp; Ji\u0159\u00ed Hubka \u2013 p\u0159edseda spolku<\/p>\n","protected":false},"excerpt":{"rendered":"<p>Tak jako v&nbsp;lo\u0148sk\u00e9m roce bude n\u00e1\u0161 v\u010dela\u0159sk\u00fd spolek po\u0159\u00e1dat v&nbsp;zim\u011b 2018\/2019 besedy v\u010dela\u0159\u016f. V&nbsp;leto\u0161n\u00edm roce bude t\u00e9matem besed \u201ePr\u00e1ce v\u010dela\u0159e po cel\u00fd v\u010dela\u0159sk\u00fd rok\u201c. Besedy budou postupn\u011b prob\u00edrat jednotliv\u00e1 obdob\u00ed v\u010dela\u0159sk\u00e9ho roku a to za pomoci prezentac\u00ed a prom\u00edt\u00e1n\u00ed metodick\u00fdch materi\u00e1l\u016f a volnou besedou. Akce je ur\u010dena v\u0161em v\u010dela\u0159\u016fm spolku, ale i jin\u00fdm z\u00e1jemc\u016fm o [&hellip;]<\/p>\n","protected":false},"author":1,"featured_media":0,"comment_status":"open","ping_status":"open","sticky":false,"template":"","format":"standard","meta":{"ngg_post_thumbnail":0,"footnotes":""},"categories":[8],"tags":[],"_links":{"self":[{"href":"https:\/\/www.bububee.cz\/index.php\/wp-json\/wp\/v2\/posts\/1047"}],"collection":[{"href":"https:\/\/www.bububee.cz\/index.php\/wp-json\/wp\/v2\/posts"}],"about":[{"href":"https:\/\/www.bububee.cz\/index.php\/wp-json\/wp\/v2\/types\/post"}],"author":[{"embeddable":true,"href":"https:\/\/www.bububee.cz\/index.php\/wp-json\/wp\/v2\/users\/1"}],"replies":[{"embeddable":true,"href":"https:\/\/www.bububee.cz\/index.php\/wp-json\/wp\/v2\/comments?post=1047"}],"version-history":[{"count":1,"href":"https:\/\/www.bububee.cz\/index.php\/wp-json\/wp\/v2\/posts\/1047\/revisions"}],"predecessor-version":[{"id":1048,"href":"https:\/\/www.bububee.cz\/index.php\/wp-json\/wp\/v2\/posts\/1047\/revisions\/1048"}],"wp:attachment":[{"href":"https:\/\/www.bububee.cz\/index.php\/wp-json\/wp\/v2\/media?parent=1047"}],"wp:term":[{"taxonomy":"category","embeddable":true,"href":"https:\/\/www.bububee.cz\/index.php\/wp-json\/wp\/v2\/categories?post=1047"},{"taxonomy":"post_tag","embeddable":true,"href":"https:\/\/www.bububee.cz\/index.php\/wp-json\/wp\/v2\/tags?post=1047"}],"curies":[{"name":"wp","href":"https:\/\/api.w.org\/{rel}","templated":true}]}}