{"id":1031,"date":"2018-09-23T13:40:41","date_gmt":"2018-09-23T12:40:41","guid":{"rendered":"http:\/\/www.bububee.cz\/?p=1031"},"modified":"2018-09-23T13:40:41","modified_gmt":"2018-09-23T12:40:41","slug":"vystava-naseho-spolku-na-novostraseckem-posviceni","status":"publish","type":"post","link":"https:\/\/www.bububee.cz\/index.php\/2018\/09\/23\/vystava-naseho-spolku-na-novostraseckem-posviceni\/","title":{"rendered":"V\u00fdstava na\u0161eho spolku na Novostra\u0161eck\u00e9m posv\u00edcen\u00ed."},"content":{"rendered":"<p>Ji\u017e druh\u00fd rok n\u00e1\u0161 spolek uspo\u0159\u00e1dal v\u00fdstavu v&nbsp;r\u00e1mci Novostra\u0161eck\u00e9ho posv\u00edcen\u00ed. V prostorech velk\u00e9 zasedac\u00ed m\u00edstnosti na M\u011bstsk\u00e9m \u00fa\u0159ad\u011b v&nbsp;Nov\u00e9m Stra\u0161ec\u00ed m\u011bla v\u00fdstava tematick\u00fd c\u00edl &#8211; sezn\u00e1mit n\u00e1v\u0161t\u011bvn\u00edky se zp\u016fsobem z\u00edsk\u00e1v\u00e1n\u00ed medu.<\/p>\n<p>N\u00e1v\u0161t\u011bvn\u00edk\u016fm jsem na re\u00e1ln\u00fdch expon\u00e1tech ukazovali v\u00fdrobu r\u00e1mk\u016f,&nbsp; chov v\u010del, odv\u00ed\u010dkov\u00e1n\u00ed medov\u00fdch pl\u00e1st\u016f, vyt\u00e1\u010den\u00ed medu a jeho st\u00e1\u010den\u00ed do sklenic s&nbsp;dokrmov\u00e1n\u00ed v\u010del po vyto\u010den\u00ed medu.<\/p>\n<p>V&nbsp;odd\u011blen\u00e9 \u010d\u00e1sti v\u00fdstavy si mohli n\u00e1v\u0161t\u011bvn\u00edci odpo\u010dinout od houpa\u010dek a koloto\u010d\u016f a pod\u00edvat se na film o prac\u00edch v\u010dela\u0159e b\u011bhem v\u010dela\u0159sk\u00e9ho roku. Prezentovala se i \u00fasp\u011b\u0161n\u00e1 \u010dinnost v\u010dela\u0159sk\u00e9ho krou\u017eku ml\u00e1de\u017ee. Op\u011bt nejv\u011bt\u0161\u00ed atrakc\u00ed pro d\u011bti i dosp\u011bl\u00e9 byl \u00fal se \u017eiv\u00fdmi v\u010delami.<\/p>\n<p>\u0158ada n\u00e1v\u0161t\u011bvn\u00edk\u016f si ji\u017e zvykla, \u017ee na t\u00e9to v\u00fdstav\u011b se prod\u00e1v\u00e1 med na\u0161ich v\u010dela\u0159\u016f, tentokr\u00e1t byl med od t\u0159ech v\u010dela\u0159\u016f a prodalo se ho cca 200 sklenic. V\u00fdt\u011b\u017eek pro krou\u017eek ml\u00e1de\u017ee \u010din\u00ed t\u00e9m\u011b\u0159 2&nbsp;500,- K\u010d. N\u00e1v\u0161t\u011bvn\u00edci chodili na v\u00fdstavu hlavn\u011b v&nbsp;odpoledn\u00edch hodin\u00e1ch a bylo jich za oba dva dny asi 300. V\u0161e se povedlo a m\u00e1me op\u011bt o \u010dem p\u0159em\u00fd\u0161let, na jak\u00e9 t\u00e9ma uspo\u0159\u00e1dat v\u00fdstavu p\u0159\u00ed\u0161t\u00ed rok.&nbsp;<\/p>\n<p>Mus\u00edm nakonec pod\u011bkovat v\u0161em, kte\u0159\u00ed se zaslou\u017eili o \u00fasp\u011bch v\u00fdstavy.<\/p>\n<p>P\u0159i instalaci v\u00fdstavy pom\u00e1hali p\u0159. M. Hall\u00f3, D. Muller, R. \u0160t\u00fdbrov\u00e1 a M. Kubi\u010dka. V&nbsp;sobotu se prov\u00e1d\u011bn\u00ed n\u00e1v\u0161t\u011bvn\u00edk\u016f ujal p\u0159. M. Hall\u00f3 a v&nbsp;ned\u011bli pak p\u0159. D. Muller. Oba dva dny sv\u00fdmi znalostmi exceloval \u010dlen v\u010dela\u0159sk\u00e9ho krou\u017eku p\u0159. M. Slav\u00edk. D\u00e1le pom\u00e1hali dal\u0161\u00ed \u010dlenov\u00e9 krou\u017eku ml\u00e1de\u017ee p\u0159. K. Ba\u010dkovsk\u00e1 a A. L\u00edpov\u00e1.<\/p>\n<p>Rekord v&nbsp;prodeji medu sv\u00fdm nenapodobiteln\u00fdm prodejem vytvo\u0159ila p\u0159. M. Fedikov\u00e1. V\u0161em moc d\u011bkuji a t\u011b\u0161\u00edm se na dal\u0161\u00ed spolupr\u00e1ci, a to bude prodej medu p\u0159i rozsv\u00edcen\u00ed V\u00e1no\u010dn\u00edho stromku na n\u00e1m\u011bst\u00ed v&nbsp;Nov\u00e9m Stra\u0161ec\u00ed na konci listopadu.<\/p>\n<p style=\"text-align: right;\">&nbsp;&nbsp;&nbsp;&nbsp;&nbsp;&nbsp;&nbsp;&nbsp;&nbsp;&nbsp;&nbsp;&nbsp;&nbsp;&nbsp;&nbsp;&nbsp;&nbsp;&nbsp;&nbsp;&nbsp;&nbsp;&nbsp;&nbsp;&nbsp;&nbsp;&nbsp;&nbsp;&nbsp;&nbsp;&nbsp;&nbsp;&nbsp;&nbsp;&nbsp;&nbsp;&nbsp;&nbsp;&nbsp;&nbsp;&nbsp;&nbsp;&nbsp;&nbsp;&nbsp;&nbsp;&nbsp;&nbsp;&nbsp;&nbsp;&nbsp;&nbsp;&nbsp;&nbsp;&nbsp;&nbsp;&nbsp;&nbsp;&nbsp;&nbsp;&nbsp;&nbsp;&nbsp;&nbsp;&nbsp;&nbsp;&nbsp;&nbsp;&nbsp;&nbsp;&nbsp;&nbsp;&nbsp;&nbsp;&nbsp;&nbsp;&nbsp;&nbsp;&nbsp;&nbsp;&nbsp;&nbsp;&nbsp;&nbsp;&nbsp;&nbsp;&nbsp;&nbsp;&nbsp;&nbsp;&nbsp;&nbsp; Ji\u0159\u00ed Hubka \u2013 p\u0159edseda spolku.<\/p>\n","protected":false},"excerpt":{"rendered":"<p>Ji\u017e druh\u00fd rok n\u00e1\u0161 spolek uspo\u0159\u00e1dal v\u00fdstavu v&nbsp;r\u00e1mci Novostra\u0161eck\u00e9ho posv\u00edcen\u00ed. V prostorech velk\u00e9 zasedac\u00ed m\u00edstnosti na M\u011bstsk\u00e9m \u00fa\u0159ad\u011b v&nbsp;Nov\u00e9m Stra\u0161ec\u00ed m\u011bla v\u00fdstava tematick\u00fd c\u00edl &#8211; sezn\u00e1mit n\u00e1v\u0161t\u011bvn\u00edky se zp\u016fsobem z\u00edsk\u00e1v\u00e1n\u00ed medu. N\u00e1v\u0161t\u011bvn\u00edk\u016fm jsem na re\u00e1ln\u00fdch expon\u00e1tech ukazovali v\u00fdrobu r\u00e1mk\u016f,&nbsp; chov v\u010del, odv\u00ed\u010dkov\u00e1n\u00ed medov\u00fdch pl\u00e1st\u016f, vyt\u00e1\u010den\u00ed medu a jeho st\u00e1\u010den\u00ed do sklenic s&nbsp;dokrmov\u00e1n\u00ed v\u010del po vyto\u010den\u00ed [&hellip;]<\/p>\n","protected":false},"author":1,"featured_media":0,"comment_status":"open","ping_status":"open","sticky":false,"template":"","format":"standard","meta":{"ngg_post_thumbnail":0,"footnotes":""},"categories":[8,1],"tags":[],"_links":{"self":[{"href":"https:\/\/www.bububee.cz\/index.php\/wp-json\/wp\/v2\/posts\/1031"}],"collection":[{"href":"https:\/\/www.bububee.cz\/index.php\/wp-json\/wp\/v2\/posts"}],"about":[{"href":"https:\/\/www.bububee.cz\/index.php\/wp-json\/wp\/v2\/types\/post"}],"author":[{"embeddable":true,"href":"https:\/\/www.bububee.cz\/index.php\/wp-json\/wp\/v2\/users\/1"}],"replies":[{"embeddable":true,"href":"https:\/\/www.bububee.cz\/index.php\/wp-json\/wp\/v2\/comments?post=1031"}],"version-history":[{"count":1,"href":"https:\/\/www.bububee.cz\/index.php\/wp-json\/wp\/v2\/posts\/1031\/revisions"}],"predecessor-version":[{"id":1032,"href":"https:\/\/www.bububee.cz\/index.php\/wp-json\/wp\/v2\/posts\/1031\/revisions\/1032"}],"wp:attachment":[{"href":"https:\/\/www.bububee.cz\/index.php\/wp-json\/wp\/v2\/media?parent=1031"}],"wp:term":[{"taxonomy":"category","embeddable":true,"href":"https:\/\/www.bububee.cz\/index.php\/wp-json\/wp\/v2\/categories?post=1031"},{"taxonomy":"post_tag","embeddable":true,"href":"https:\/\/www.bububee.cz\/index.php\/wp-json\/wp\/v2\/tags?post=1031"}],"curies":[{"name":"wp","href":"https:\/\/api.w.org\/{rel}","templated":true}]}}