{"id":1004,"date":"2018-09-05T15:15:43","date_gmt":"2018-09-05T14:15:43","guid":{"rendered":"http:\/\/www.bububee.cz\/?p=1004"},"modified":"2018-09-05T15:15:43","modified_gmt":"2018-09-05T14:15:43","slug":"vcelarsky-krouzek-zacina-1-9-2018-mladsi-deti","status":"publish","type":"post","link":"https:\/\/www.bububee.cz\/index.php\/2018\/09\/05\/vcelarsky-krouzek-zacina-1-9-2018-mladsi-deti\/","title":{"rendered":"V\u010dela\u0159sk\u00fd krou\u017eek za\u010d\u00edn\u00e1 1. 9. 2018 (mlad\u0161\u00ed d\u011bti)"},"content":{"rendered":"<p>V\u00e1\u017een\u00ed rodi\u010de, za\u010d\u00edn\u00e1 op\u011bt \u010dinnost v\u010dela\u0159sk\u00e9ho krou\u017eku ml\u00e1de\u017ee \u2013 mlad\u0161\u00ed d\u011bti.<\/p>\n<p>Krou\u017eek, jak ji\u017e bylo avizov\u00e1no na konci pr\u00e1zdnin, bude ka\u017ed\u00e9 \u00fater\u00fd od 16 hodin v&nbsp;klubovn\u011b na Fortn\u011b (pokud se nedohodneme jinak).&nbsp;<\/p>\n<p><strong>Prvn\u00ed krou\u017eek pro mlad\u0161\u00ed d\u011bti je 11. 9.&nbsp; 2018 v&nbsp;16 hodin v&nbsp;klubovn\u011b.<\/strong><\/p>\n<p><strong>&nbsp;<\/strong>T\u011b\u0161\u00edme se na v\u00e1s, m\u00e1me po pr\u00e1zdnin\u00e1ch hodn\u011b pr\u00e1ce se v\u010delami, proto si nezapome\u0148te vz\u00edt dlouh\u00e9 kalhoty a dobrou n\u00e1ladu.<br \/>\nV&nbsp;klubovn\u011b m\u00e1me hodn\u011b nov\u00fdch v\u011bc\u00ed, kter\u00e9 ale mus\u00edme usadit.<\/p>\n<p>P\u0159ipom\u00edn\u00e1m, \u017ee ve dnech 8. a 9. 9. je velk\u00e1 v\u00fdstava na\u0161eho spolku a VKM v&nbsp;zasedac\u00ed m\u00edstnosti M\u011b\u00da (v\u017edy od 9 do 17 hodin). N\u011bkte\u0159\u00ed z&nbsp;v\u00e1s sl\u00edbili \u00fa\u010dast a pomoc p\u0159i v\u00fdstav\u011b. &nbsp;Na v\u00fdstav\u011b bude cel\u00e1 expozice se zam\u011b\u0159en\u00edm na z\u00edsk\u00e1v\u00e1n\u00ed medu od v\u010del a jeho zpracov\u00e1n\u00ed. Pr\u016fvodci expozic\u00ed pro n\u00e1v\u0161t\u011bvn\u00edky budou d\u011bti.<br \/>\nD\u00e1le tam budou op\u011bt \u017eiv\u00e9 v\u010dely, prodej n\u011bkolika druh\u016f medu, n\u00e1st\u011bnka o VKM atd. &nbsp;<\/p>\n<p>Instalovat v\u00fdstavu budeme ve \u010dtvrtek a v&nbsp;p\u00e1tek 6. a 7. 9. 2018 dopoledne.<\/p>\n<p>T\u011b\u0161\u00edme se na v\u00e1s,<\/p>\n<p style=\"text-align: right;\">(jh)<\/p>\n","protected":false},"excerpt":{"rendered":"<p>V\u00e1\u017een\u00ed rodi\u010de, za\u010d\u00edn\u00e1 op\u011bt \u010dinnost v\u010dela\u0159sk\u00e9ho krou\u017eku ml\u00e1de\u017ee \u2013 mlad\u0161\u00ed d\u011bti. Krou\u017eek, jak ji\u017e bylo avizov\u00e1no na konci pr\u00e1zdnin, bude ka\u017ed\u00e9 \u00fater\u00fd od 16 hodin v&nbsp;klubovn\u011b na Fortn\u011b (pokud se nedohodneme jinak).&nbsp; Prvn\u00ed krou\u017eek pro mlad\u0161\u00ed d\u011bti je 11. 9.&nbsp; 2018 v&nbsp;16 hodin v&nbsp;klubovn\u011b. &nbsp;T\u011b\u0161\u00edme se na v\u00e1s, m\u00e1me po pr\u00e1zdnin\u00e1ch hodn\u011b pr\u00e1ce se v\u010delami, [&hellip;]<\/p>\n","protected":false},"author":1,"featured_media":0,"comment_status":"open","ping_status":"open","sticky":false,"template":"","format":"standard","meta":{"ngg_post_thumbnail":0,"footnotes":""},"categories":[3],"tags":[],"_links":{"self":[{"href":"https:\/\/www.bububee.cz\/index.php\/wp-json\/wp\/v2\/posts\/1004"}],"collection":[{"href":"https:\/\/www.bububee.cz\/index.php\/wp-json\/wp\/v2\/posts"}],"about":[{"href":"https:\/\/www.bububee.cz\/index.php\/wp-json\/wp\/v2\/types\/post"}],"author":[{"embeddable":true,"href":"https:\/\/www.bububee.cz\/index.php\/wp-json\/wp\/v2\/users\/1"}],"replies":[{"embeddable":true,"href":"https:\/\/www.bububee.cz\/index.php\/wp-json\/wp\/v2\/comments?post=1004"}],"version-history":[{"count":1,"href":"https:\/\/www.bububee.cz\/index.php\/wp-json\/wp\/v2\/posts\/1004\/revisions"}],"predecessor-version":[{"id":1005,"href":"https:\/\/www.bububee.cz\/index.php\/wp-json\/wp\/v2\/posts\/1004\/revisions\/1005"}],"wp:attachment":[{"href":"https:\/\/www.bububee.cz\/index.php\/wp-json\/wp\/v2\/media?parent=1004"}],"wp:term":[{"taxonomy":"category","embeddable":true,"href":"https:\/\/www.bububee.cz\/index.php\/wp-json\/wp\/v2\/categories?post=1004"},{"taxonomy":"post_tag","embeddable":true,"href":"https:\/\/www.bububee.cz\/index.php\/wp-json\/wp\/v2\/tags?post=1004"}],"curies":[{"name":"wp","href":"https:\/\/api.w.org\/{rel}","templated":true}]}}